{"id":2257,"date":"2024-05-23T09:55:14","date_gmt":"2024-05-23T12:55:14","guid":{"rendered":"https:\/\/www.clinicaprogredir.com.br\/?p=2257"},"modified":"2024-05-23T12:05:25","modified_gmt":"2024-05-23T15:05:25","slug":"chances-de-depressao-pos-parto-podem-ser-reduzidas-por-meio-da-fisioterapia","status":"publish","type":"post","link":"https:\/\/www.clinicaprogredir.com.br\/index.php\/2024\/05\/23\/noticias\/chances-de-depressao-pos-parto-podem-ser-reduzidas-por-meio-da-fisioterapia\/","title":{"rendered":"Chances de depress\u00e3o p\u00f3s-parto podem ser reduzidas por meio da fisioterapia"},"content":{"rendered":"<p>As chances de uma depress&atilde;o p&oacute;s-parto podem ser amenizadas com exerc&iacute;cios de fisioterapia. Essa foi a conclus&atilde;o de uma pesquisa realizada pela Associa&ccedil;&atilde;o Americana de Fisioterapia e publicada na revista Physical Therapy. A pesquisa reuniu 161 mulheres e as dividiu em tr&ecirc;s grupos.<\/p>\n<p><!--more--><\/p>\n<p>O primeiro grupo era composto por 62 mulheres que se comprometeram a fazer a fisioterapia com seus beb&ecirc;s uma vez por semana, durante dois meses. J&aacute; o segundo grupo, composto por 73 mulheres, recebeu apenas o material escrito do projeto. Por fim, o &uacute;ltimo grupo, de 26 mulheres, n&atilde;o recebeu nenhum tipo de interven&ccedil;&atilde;o. Os grupos foram avaliados durante oito semanas e tiveram que responder question&aacute;rios sobre bem-estar, depress&atilde;o e quantidade de exerc&iacute;cios f&iacute;sicos.<\/p>\n<p>Segundo os pesquisadores, houve melhoras consider&aacute;veis no bem-estar de sintomas depressivos das mulheres do primeiro grupo em compara&ccedil;&atilde;o com os outros. O n&uacute;mero de pacientes identificadas com chance de ter depress&atilde;o p&oacute;s-parto foi reduzido em 50%. J&aacute; nas que n&atilde;o receberam o acompanhamento fisioterap&ecirc;utico, os &iacute;ndices n&atilde;o se alteraram. Nas m&atilde;es que receberam s&oacute; as aulas de educa&ccedil;&atilde;o parental, houve pequena redu&ccedil;&atilde;o dos casos, apenas 5%, mas nada muito significativo.<\/p>\n<p>Para os pesquisadores, a pr&aacute;tica de atividade f&iacute;sica executada por m&atilde;e e beb&ecirc; juntos tem a capacidade de ativar uma &aacute;rea do c&eacute;rebro respons&aacute;vel pelo afeto e produzir mais serotonina, causando mais prazer na conviv&ecirc;ncia entre eles. Por&eacute;m, os m&eacute;dicos alertam para a import&acirc;ncia da escolha certa de exerc&iacute;cios para n&atilde;o causar efeitos distintos.<\/p>\n<p>Fonte: Minha Vida &#8211; <a href=\"http:\/\/bit.ly\/1N7gHk1\"><a>http:\/\/bit.ly\/1N7gHk1<\/a><\/a><\/p>\n<p><a href=\"http:\/\/bit.ly\/1N7gHk1\"><\/a>Foto: Divulga&ccedil;&atilde;o<\/p>\n","protected":false},"excerpt":{"rendered":"<p>As chances de uma depress&atilde;o p&oacute;s-parto podem ser amenizadas com exerc&iacute;cios de fisioterapia. Essa foi a conclus&atilde;o de uma pesquisa realizada pela Associa&ccedil;&atilde;o Americana de Fisioterapia e publicada na revista Physical Therapy. A pesquisa reuniu 161 mulheres e as dividiu em tr&ecirc;s grupos.<\/p>\n","protected":false},"author":2,"featured_media":0,"comment_status":"open","ping_status":"open","sticky":false,"template":"","format":"image","meta":{"inline_featured_image":false,"footnotes":""},"categories":[59],"tags":[],"class_list":["post-2257","post","type-post","status-publish","format-image","hentry","category-noticias","post_format-post-format-image"],"yoast_head":"<!-- This site is optimized with the Yoast SEO plugin v24.5 - https:\/\/yoast.com\/wordpress\/plugins\/seo\/ -->\n<title>Chances de depress\u00e3o p\u00f3s-parto podem ser reduzidas por meio da fisioterapia - Progredir Fisioterapia e Reabilita\u00e7\u00e3o - Cl\u00ednica Progredir<\/title>\n<meta name=\"robots\" content=\"index, follow, max-snippet:-1, max-image-preview:large, max-video-preview:-1\" \/>\n<link rel=\"canonical\" href=\"https:\/\/www.clinicaprogredir.com.br\/index.php\/2024\/05\/23\/noticias\/chances-de-depressao-pos-parto-podem-ser-reduzidas-por-meio-da-fisioterapia\/\" \/>\n<meta property=\"og:locale\" content=\"pt_BR\" \/>\n<meta property=\"og:type\" content=\"article\" \/>\n<meta property=\"og:title\" content=\"Chances de depress\u00e3o p\u00f3s-parto podem ser reduzidas por meio da fisioterapia - Progredir Fisioterapia e Reabilita\u00e7\u00e3o - Cl\u00ednica Progredir\" \/>\n<meta property=\"og:description\" content=\"As chances de uma depress&atilde;o p&oacute;s-parto podem ser amenizadas com exerc&iacute;cios de fisioterapia. Essa foi a conclus&atilde;o de uma pesquisa realizada pela Associa&ccedil;&atilde;o Americana de Fisioterapia e publicada na revista Physical Therapy. A pesquisa reuniu 161 mulheres e as dividiu em tr&ecirc;s grupos.\" \/>\n<meta property=\"og:url\" content=\"https:\/\/www.clinicaprogredir.com.br\/index.php\/2024\/05\/23\/noticias\/chances-de-depressao-pos-parto-podem-ser-reduzidas-por-meio-da-fisioterapia\/\" \/>\n<meta property=\"og:site_name\" content=\"Progredir Fisioterapia e Reabilita\u00e7\u00e3o - Cl\u00ednica Progredir\" \/>\n<meta property=\"article:published_time\" content=\"2024-05-23T12:55:14+00:00\" \/>\n<meta property=\"article:modified_time\" content=\"2024-05-23T15:05:25+00:00\" \/>\n<meta name=\"author\" content=\"Cl\u00ednica Progredir\" \/>\n<meta name=\"twitter:card\" content=\"summary_large_image\" \/>\n<meta name=\"twitter:label1\" content=\"Escrito por\" \/>\n\t<meta name=\"twitter:data1\" content=\"Cl\u00ednica Progredir\" \/>\n\t<meta name=\"twitter:label2\" content=\"Est. tempo de leitura\" \/>\n\t<meta name=\"twitter:data2\" content=\"2 minutos\" \/>\n<script type=\"application\/ld+json\" class=\"yoast-schema-graph\">{\"@context\":\"https:\/\/schema.org\",\"@graph\":[{\"@type\":\"WebPage\",\"@id\":\"https:\/\/www.clinicaprogredir.com.br\/index.php\/2024\/05\/23\/noticias\/chances-de-depressao-pos-parto-podem-ser-reduzidas-por-meio-da-fisioterapia\/\",\"url\":\"https:\/\/www.clinicaprogredir.com.br\/index.php\/2024\/05\/23\/noticias\/chances-de-depressao-pos-parto-podem-ser-reduzidas-por-meio-da-fisioterapia\/\",\"name\":\"Chances de depress\u00e3o p\u00f3s-parto podem ser reduzidas por meio da fisioterapia - Progredir Fisioterapia e Reabilita\u00e7\u00e3o - Cl\u00ednica Progredir\",\"isPartOf\":{\"@id\":\"https:\/\/www.clinicaprogredir.com.br\/#website\"},\"datePublished\":\"2024-05-23T12:55:14+00:00\",\"dateModified\":\"2024-05-23T15:05:25+00:00\",\"author\":{\"@id\":\"https:\/\/www.clinicaprogredir.com.br\/#\/schema\/person\/17c6e5364885b7f1d08c57f7456545bb\"},\"breadcrumb\":{\"@id\":\"https:\/\/www.clinicaprogredir.com.br\/index.php\/2024\/05\/23\/noticias\/chances-de-depressao-pos-parto-podem-ser-reduzidas-por-meio-da-fisioterapia\/#breadcrumb\"},\"inLanguage\":\"pt-BR\",\"potentialAction\":[{\"@type\":\"ReadAction\",\"target\":[\"https:\/\/www.clinicaprogredir.com.br\/index.php\/2024\/05\/23\/noticias\/chances-de-depressao-pos-parto-podem-ser-reduzidas-por-meio-da-fisioterapia\/\"]}]},{\"@type\":\"BreadcrumbList\",\"@id\":\"https:\/\/www.clinicaprogredir.com.br\/index.php\/2024\/05\/23\/noticias\/chances-de-depressao-pos-parto-podem-ser-reduzidas-por-meio-da-fisioterapia\/#breadcrumb\",\"itemListElement\":[{\"@type\":\"ListItem\",\"position\":1,\"name\":\"In\u00edcio\",\"item\":\"https:\/\/www.clinicaprogredir.com.br\/\"},{\"@type\":\"ListItem\",\"position\":2,\"name\":\"Chances de depress\u00e3o p\u00f3s-parto podem ser reduzidas por meio da fisioterapia\"}]},{\"@type\":\"WebSite\",\"@id\":\"https:\/\/www.clinicaprogredir.com.br\/#website\",\"url\":\"https:\/\/www.clinicaprogredir.com.br\/\",\"name\":\"Progredir Fisioterapia e Reabilita\u00e7\u00e3o - Cl\u00ednica Progredir\",\"description\":\"A Progredir Fisioterapia e Reabilita\u00e7\u00e3o \u00e9 uma cl\u00ednica especializada que h\u00e1 mais de 15 anos trabalha na recupera\u00e7\u00e3o de pacientes neurol\u00f3gicos e ortop\u00e9dicos, fazendo com que seu tratamento ocorra sempre da forma mais simples e eficaz poss\u00edvel.\",\"potentialAction\":[{\"@type\":\"SearchAction\",\"target\":{\"@type\":\"EntryPoint\",\"urlTemplate\":\"https:\/\/www.clinicaprogredir.com.br\/?s={search_term_string}\"},\"query-input\":{\"@type\":\"PropertyValueSpecification\",\"valueRequired\":true,\"valueName\":\"search_term_string\"}}],\"inLanguage\":\"pt-BR\"},{\"@type\":\"Person\",\"@id\":\"https:\/\/www.clinicaprogredir.com.br\/#\/schema\/person\/17c6e5364885b7f1d08c57f7456545bb\",\"name\":\"Cl\u00ednica Progredir\",\"sameAs\":[\"http:\/\/www.clinicaprogredir.com.br\"],\"url\":\"https:\/\/www.clinicaprogredir.com.br\/index.php\/author\/clinicaprogredir\/\"}]}<\/script>\n<!-- \/ Yoast SEO plugin. -->","yoast_head_json":{"title":"Chances de depress\u00e3o p\u00f3s-parto podem ser reduzidas por meio da fisioterapia - Progredir Fisioterapia e Reabilita\u00e7\u00e3o - Cl\u00ednica Progredir","robots":{"index":"index","follow":"follow","max-snippet":"max-snippet:-1","max-image-preview":"max-image-preview:large","max-video-preview":"max-video-preview:-1"},"canonical":"https:\/\/www.clinicaprogredir.com.br\/index.php\/2024\/05\/23\/noticias\/chances-de-depressao-pos-parto-podem-ser-reduzidas-por-meio-da-fisioterapia\/","og_locale":"pt_BR","og_type":"article","og_title":"Chances de depress\u00e3o p\u00f3s-parto podem ser reduzidas por meio da fisioterapia - Progredir Fisioterapia e Reabilita\u00e7\u00e3o - Cl\u00ednica Progredir","og_description":"As chances de uma depress&atilde;o p&oacute;s-parto podem ser amenizadas com exerc&iacute;cios de fisioterapia. Essa foi a conclus&atilde;o de uma pesquisa realizada pela Associa&ccedil;&atilde;o Americana de Fisioterapia e publicada na revista Physical Therapy. A pesquisa reuniu 161 mulheres e as dividiu em tr&ecirc;s grupos.","og_url":"https:\/\/www.clinicaprogredir.com.br\/index.php\/2024\/05\/23\/noticias\/chances-de-depressao-pos-parto-podem-ser-reduzidas-por-meio-da-fisioterapia\/","og_site_name":"Progredir Fisioterapia e Reabilita\u00e7\u00e3o - Cl\u00ednica Progredir","article_published_time":"2024-05-23T12:55:14+00:00","article_modified_time":"2024-05-23T15:05:25+00:00","author":"Cl\u00ednica Progredir","twitter_card":"summary_large_image","twitter_misc":{"Escrito por":"Cl\u00ednica Progredir","Est. tempo de leitura":"2 minutos"},"schema":{"@context":"https:\/\/schema.org","@graph":[{"@type":"WebPage","@id":"https:\/\/www.clinicaprogredir.com.br\/index.php\/2024\/05\/23\/noticias\/chances-de-depressao-pos-parto-podem-ser-reduzidas-por-meio-da-fisioterapia\/","url":"https:\/\/www.clinicaprogredir.com.br\/index.php\/2024\/05\/23\/noticias\/chances-de-depressao-pos-parto-podem-ser-reduzidas-por-meio-da-fisioterapia\/","name":"Chances de depress\u00e3o p\u00f3s-parto podem ser reduzidas por meio da fisioterapia - Progredir Fisioterapia e Reabilita\u00e7\u00e3o - Cl\u00ednica Progredir","isPartOf":{"@id":"https:\/\/www.clinicaprogredir.com.br\/#website"},"datePublished":"2024-05-23T12:55:14+00:00","dateModified":"2024-05-23T15:05:25+00:00","author":{"@id":"https:\/\/www.clinicaprogredir.com.br\/#\/schema\/person\/17c6e5364885b7f1d08c57f7456545bb"},"breadcrumb":{"@id":"https:\/\/www.clinicaprogredir.com.br\/index.php\/2024\/05\/23\/noticias\/chances-de-depressao-pos-parto-podem-ser-reduzidas-por-meio-da-fisioterapia\/#breadcrumb"},"inLanguage":"pt-BR","potentialAction":[{"@type":"ReadAction","target":["https:\/\/www.clinicaprogredir.com.br\/index.php\/2024\/05\/23\/noticias\/chances-de-depressao-pos-parto-podem-ser-reduzidas-por-meio-da-fisioterapia\/"]}]},{"@type":"BreadcrumbList","@id":"https:\/\/www.clinicaprogredir.com.br\/index.php\/2024\/05\/23\/noticias\/chances-de-depressao-pos-parto-podem-ser-reduzidas-por-meio-da-fisioterapia\/#breadcrumb","itemListElement":[{"@type":"ListItem","position":1,"name":"In\u00edcio","item":"https:\/\/www.clinicaprogredir.com.br\/"},{"@type":"ListItem","position":2,"name":"Chances de depress\u00e3o p\u00f3s-parto podem ser reduzidas por meio da fisioterapia"}]},{"@type":"WebSite","@id":"https:\/\/www.clinicaprogredir.com.br\/#website","url":"https:\/\/www.clinicaprogredir.com.br\/","name":"Progredir Fisioterapia e Reabilita\u00e7\u00e3o - Cl\u00ednica Progredir","description":"A Progredir Fisioterapia e Reabilita\u00e7\u00e3o \u00e9 uma cl\u00ednica especializada que h\u00e1 mais de 15 anos trabalha na recupera\u00e7\u00e3o de pacientes neurol\u00f3gicos e ortop\u00e9dicos, fazendo com que seu tratamento ocorra sempre da forma mais simples e eficaz poss\u00edvel.","potentialAction":[{"@type":"SearchAction","target":{"@type":"EntryPoint","urlTemplate":"https:\/\/www.clinicaprogredir.com.br\/?s={search_term_string}"},"query-input":{"@type":"PropertyValueSpecification","valueRequired":true,"valueName":"search_term_string"}}],"inLanguage":"pt-BR"},{"@type":"Person","@id":"https:\/\/www.clinicaprogredir.com.br\/#\/schema\/person\/17c6e5364885b7f1d08c57f7456545bb","name":"Cl\u00ednica Progredir","sameAs":["http:\/\/www.clinicaprogredir.com.br"],"url":"https:\/\/www.clinicaprogredir.com.br\/index.php\/author\/clinicaprogredir\/"}]}},"_links":{"self":[{"href":"https:\/\/www.clinicaprogredir.com.br\/index.php\/wp-json\/wp\/v2\/posts\/2257","targetHints":{"allow":["GET"]}}],"collection":[{"href":"https:\/\/www.clinicaprogredir.com.br\/index.php\/wp-json\/wp\/v2\/posts"}],"about":[{"href":"https:\/\/www.clinicaprogredir.com.br\/index.php\/wp-json\/wp\/v2\/types\/post"}],"author":[{"embeddable":true,"href":"https:\/\/www.clinicaprogredir.com.br\/index.php\/wp-json\/wp\/v2\/users\/2"}],"replies":[{"embeddable":true,"href":"https:\/\/www.clinicaprogredir.com.br\/index.php\/wp-json\/wp\/v2\/comments?post=2257"}],"version-history":[{"count":1,"href":"https:\/\/www.clinicaprogredir.com.br\/index.php\/wp-json\/wp\/v2\/posts\/2257\/revisions"}],"predecessor-version":[{"id":2583,"href":"https:\/\/www.clinicaprogredir.com.br\/index.php\/wp-json\/wp\/v2\/posts\/2257\/revisions\/2583"}],"wp:attachment":[{"href":"https:\/\/www.clinicaprogredir.com.br\/index.php\/wp-json\/wp\/v2\/media?parent=2257"}],"wp:term":[{"taxonomy":"category","embeddable":true,"href":"https:\/\/www.clinicaprogredir.com.br\/index.php\/wp-json\/wp\/v2\/categories?post=2257"},{"taxonomy":"post_tag","embeddable":true,"href":"https:\/\/www.clinicaprogredir.com.br\/index.php\/wp-json\/wp\/v2\/tags?post=2257"}],"curies":[{"name":"wp","href":"https:\/\/api.w.org\/{rel}","templated":true}]}}