{"id":2266,"date":"2024-05-23T09:54:10","date_gmt":"2024-05-23T12:54:10","guid":{"rendered":"https:\/\/www.clinicaprogredir.com.br\/?p=2266"},"modified":"2024-05-23T12:05:51","modified_gmt":"2024-05-23T15:05:51","slug":"no-dia-mundial-do-avc-saiba-como-preveni-lo","status":"publish","type":"post","link":"https:\/\/www.clinicaprogredir.com.br\/index.php\/2024\/05\/23\/noticias\/no-dia-mundial-do-avc-saiba-como-preveni-lo\/","title":{"rendered":"No Dia Mundial do AVC, saiba como preveni-lo"},"content":{"rendered":"<p>Dia 29 de outubro &eacute; o Dia Mundial do Acidente Vascular Cerebral, mais conhecido como AVC. O AVC &eacute; a primeira causa de morte e incapacidades no Brasil e &eacute; respons&aacute;vel pela morte de milhares de pessoas ao redor do mundo, de acordo com dados da Organiza&ccedil;&atilde;o Mundial da Sa&uacute;de (OMS). Ele pode ser dividido em dois tipos: isqu&ecirc;mico (cerca de 80% dos casos) e hemorr&aacute;gico (cerca de 20%). O AVC isqu&ecirc;mico &eacute; causado por um co&aacute;gulo que obstrui a art&eacute;ria, levando a morte de neur&ocirc;nios. J&aacute; no hemorr&aacute;gico, o sangue &eacute; extravasado para dentro do c&eacute;rebro, comprimindo os neur&ocirc;nios.<\/p>\n<p><!--more--><\/p>\n<p>Segundo o Minist&eacute;rio da Sa&uacute;de, um em cada seis brasileiros corre o risco de sofrer um derrame. Mas h&aacute; maneiras de prevenir o AVC, j&aacute; que a maioria dos fatores de risco para o quadro cl&iacute;nico pode ser evitada ou controlada.<\/p>\n<p>Colesterol alto<\/p>\n<p>Se o seu n&iacute;vel de colesterol est&aacute; elevado, saiba que este ele tem a capacidade de aumentar o espessamento e endurecimento das art&eacute;rias, fazendo com que elas se fechem aos poucos e impe&ccedil;am a passagem do sangue. Esse processo prejudica a oxigena&ccedil;&atilde;o do c&eacute;rebro, aumentando o risco de um AVC. Por isso, se voc&ecirc; tem esse diagn&oacute;stico, &eacute; importante seguir as orienta&ccedil;&otilde;es do seu m&eacute;dico.<\/p>\n<p>Sedentarismo e obesidade<\/p>\n<p>Uma das maneiras mais eficazes de controlar praticamente todos os fatores de risco do AVC &eacute; a pr&aacute;tica de exerc&iacute;cios f&iacute;sicos regulares. A falta desse h&aacute;bito junto com a obesidade s&atilde;o fatores que aumentam as chances de um AVC. Problemas como press&atilde;o alta, colesterol elevado, diabetes e doen&ccedil;as card&iacute;acas s&atilde;o decorrentes do excesso de peso e sedentarismo e precisam ser combatidos.<\/p>\n<p>M&aacute; alimenta&ccedil;&atilde;o<\/p>\n<p>A alimenta&ccedil;&atilde;o &eacute; fator determinante para um bom funcionamento do corpo e preven&ccedil;&atilde;o de diversas doen&ccedil;as, n&atilde;o s&oacute; do AVC. Fazer uma dieta balanceada, moderar o consumo de s&oacute;dio, evitar alimentos ricos em colesterol e gorduras saturadas (frituras), controlar o consumo de a&ccedil;&uacute;car (para diabetes) s&atilde;o alguns dos h&aacute;bitos que devem fazer parte do seu dia a dia.<\/p>\n<p>Press&atilde;o alta<\/p>\n<p>Quem tem press&atilde;o alta deve ter cuidados redobrados, pois ela ocupa o topo do ranking de maiores causas de AVC. Portanto, &eacute; importante controlar a hipertens&atilde;o com medica&ccedil;&atilde;o e h&aacute;bitos saud&aacute;veis, como reduzir o consumo de sal e praticar exerc&iacute;cios.<\/p>\n<p>Excesso de a&ccedil;&uacute;car no sangue<\/p>\n<p>A diabetes aumenta a coagula&ccedil;&atilde;o do sangue e o deixa mais viscoso. Por isso, quem sofre desse mal deve control&aacute;-lo com tratamento m&eacute;dico regular e h&aacute;bitos saud&aacute;veis.<\/p>\n<p>Tabagismo<\/p>\n<p>As subst&acirc;ncias contidas no cigarro fazem com que a coagula&ccedil;&atilde;o do sangue aumente, o deixando mais grosso e aumentando as chances de um derrame. O passo mais inteligente &eacute; parar de fumar o quanto antes.<\/p>\n<p>Fonte: Minha Vida &#8211; <a href=\"http:\/\/bit.ly\/1H7LUzZ\">http:\/\/bit.ly\/1H7LUzZ<\/a><\/p>\n<p>Foto: Divulga&ccedil;&atilde;o<\/p>\n","protected":false},"excerpt":{"rendered":"<p>Dia 29 de outubro &eacute; o Dia Mundial do Acidente Vascular Cerebral, mais conhecido como AVC. O AVC &eacute; a primeira causa de morte e incapacidades no Brasil e &eacute; respons&aacute;vel pela morte de milhares de pessoas ao redor do mundo, de acordo com dados da Organiza&ccedil;&atilde;o Mundial da Sa&uacute;de (OMS). Ele pode ser dividido [&hellip;]<\/p>\n","protected":false},"author":2,"featured_media":0,"comment_status":"open","ping_status":"open","sticky":false,"template":"","format":"image","meta":{"inline_featured_image":false,"footnotes":""},"categories":[59],"tags":[],"class_list":["post-2266","post","type-post","status-publish","format-image","hentry","category-noticias","post_format-post-format-image"],"yoast_head":"<!-- This site is optimized with the Yoast SEO plugin v24.5 - https:\/\/yoast.com\/wordpress\/plugins\/seo\/ -->\n<title>No Dia Mundial do AVC, saiba como preveni-lo - Progredir Fisioterapia e Reabilita\u00e7\u00e3o - Cl\u00ednica Progredir<\/title>\n<meta name=\"robots\" content=\"index, follow, max-snippet:-1, max-image-preview:large, max-video-preview:-1\" \/>\n<link rel=\"canonical\" href=\"https:\/\/www.clinicaprogredir.com.br\/index.php\/2024\/05\/23\/noticias\/no-dia-mundial-do-avc-saiba-como-preveni-lo\/\" \/>\n<meta property=\"og:locale\" content=\"pt_BR\" \/>\n<meta property=\"og:type\" content=\"article\" \/>\n<meta property=\"og:title\" content=\"No Dia Mundial do AVC, saiba como preveni-lo - Progredir Fisioterapia e Reabilita\u00e7\u00e3o - Cl\u00ednica Progredir\" \/>\n<meta property=\"og:description\" content=\"Dia 29 de outubro &eacute; o Dia Mundial do Acidente Vascular Cerebral, mais conhecido como AVC. O AVC &eacute; a primeira causa de morte e incapacidades no Brasil e &eacute; respons&aacute;vel pela morte de milhares de pessoas ao redor do mundo, de acordo com dados da Organiza&ccedil;&atilde;o Mundial da Sa&uacute;de (OMS). Ele pode ser dividido [&hellip;]\" \/>\n<meta property=\"og:url\" content=\"https:\/\/www.clinicaprogredir.com.br\/index.php\/2024\/05\/23\/noticias\/no-dia-mundial-do-avc-saiba-como-preveni-lo\/\" \/>\n<meta property=\"og:site_name\" content=\"Progredir Fisioterapia e Reabilita\u00e7\u00e3o - Cl\u00ednica Progredir\" \/>\n<meta property=\"article:published_time\" content=\"2024-05-23T12:54:10+00:00\" \/>\n<meta property=\"article:modified_time\" content=\"2024-05-23T15:05:51+00:00\" \/>\n<meta name=\"author\" content=\"Cl\u00ednica Progredir\" \/>\n<meta name=\"twitter:card\" content=\"summary_large_image\" \/>\n<meta name=\"twitter:label1\" content=\"Escrito por\" \/>\n\t<meta name=\"twitter:data1\" content=\"Cl\u00ednica Progredir\" \/>\n\t<meta name=\"twitter:label2\" content=\"Est. tempo de leitura\" \/>\n\t<meta name=\"twitter:data2\" content=\"3 minutos\" \/>\n<script type=\"application\/ld+json\" class=\"yoast-schema-graph\">{\"@context\":\"https:\/\/schema.org\",\"@graph\":[{\"@type\":\"WebPage\",\"@id\":\"https:\/\/www.clinicaprogredir.com.br\/index.php\/2024\/05\/23\/noticias\/no-dia-mundial-do-avc-saiba-como-preveni-lo\/\",\"url\":\"https:\/\/www.clinicaprogredir.com.br\/index.php\/2024\/05\/23\/noticias\/no-dia-mundial-do-avc-saiba-como-preveni-lo\/\",\"name\":\"No Dia Mundial do AVC, saiba como preveni-lo - Progredir Fisioterapia e Reabilita\u00e7\u00e3o - Cl\u00ednica Progredir\",\"isPartOf\":{\"@id\":\"https:\/\/www.clinicaprogredir.com.br\/#website\"},\"datePublished\":\"2024-05-23T12:54:10+00:00\",\"dateModified\":\"2024-05-23T15:05:51+00:00\",\"author\":{\"@id\":\"https:\/\/www.clinicaprogredir.com.br\/#\/schema\/person\/17c6e5364885b7f1d08c57f7456545bb\"},\"breadcrumb\":{\"@id\":\"https:\/\/www.clinicaprogredir.com.br\/index.php\/2024\/05\/23\/noticias\/no-dia-mundial-do-avc-saiba-como-preveni-lo\/#breadcrumb\"},\"inLanguage\":\"pt-BR\",\"potentialAction\":[{\"@type\":\"ReadAction\",\"target\":[\"https:\/\/www.clinicaprogredir.com.br\/index.php\/2024\/05\/23\/noticias\/no-dia-mundial-do-avc-saiba-como-preveni-lo\/\"]}]},{\"@type\":\"BreadcrumbList\",\"@id\":\"https:\/\/www.clinicaprogredir.com.br\/index.php\/2024\/05\/23\/noticias\/no-dia-mundial-do-avc-saiba-como-preveni-lo\/#breadcrumb\",\"itemListElement\":[{\"@type\":\"ListItem\",\"position\":1,\"name\":\"In\u00edcio\",\"item\":\"https:\/\/www.clinicaprogredir.com.br\/\"},{\"@type\":\"ListItem\",\"position\":2,\"name\":\"No Dia Mundial do AVC, saiba como preveni-lo\"}]},{\"@type\":\"WebSite\",\"@id\":\"https:\/\/www.clinicaprogredir.com.br\/#website\",\"url\":\"https:\/\/www.clinicaprogredir.com.br\/\",\"name\":\"Progredir Fisioterapia e Reabilita\u00e7\u00e3o - Cl\u00ednica Progredir\",\"description\":\"A Progredir Fisioterapia e Reabilita\u00e7\u00e3o \u00e9 uma cl\u00ednica especializada que h\u00e1 mais de 15 anos trabalha na recupera\u00e7\u00e3o de pacientes neurol\u00f3gicos e ortop\u00e9dicos, fazendo com que seu tratamento ocorra sempre da forma mais simples e eficaz poss\u00edvel.\",\"potentialAction\":[{\"@type\":\"SearchAction\",\"target\":{\"@type\":\"EntryPoint\",\"urlTemplate\":\"https:\/\/www.clinicaprogredir.com.br\/?s={search_term_string}\"},\"query-input\":{\"@type\":\"PropertyValueSpecification\",\"valueRequired\":true,\"valueName\":\"search_term_string\"}}],\"inLanguage\":\"pt-BR\"},{\"@type\":\"Person\",\"@id\":\"https:\/\/www.clinicaprogredir.com.br\/#\/schema\/person\/17c6e5364885b7f1d08c57f7456545bb\",\"name\":\"Cl\u00ednica Progredir\",\"sameAs\":[\"http:\/\/www.clinicaprogredir.com.br\"],\"url\":\"https:\/\/www.clinicaprogredir.com.br\/index.php\/author\/clinicaprogredir\/\"}]}<\/script>\n<!-- \/ Yoast SEO plugin. -->","yoast_head_json":{"title":"No Dia Mundial do AVC, saiba como preveni-lo - Progredir Fisioterapia e Reabilita\u00e7\u00e3o - Cl\u00ednica Progredir","robots":{"index":"index","follow":"follow","max-snippet":"max-snippet:-1","max-image-preview":"max-image-preview:large","max-video-preview":"max-video-preview:-1"},"canonical":"https:\/\/www.clinicaprogredir.com.br\/index.php\/2024\/05\/23\/noticias\/no-dia-mundial-do-avc-saiba-como-preveni-lo\/","og_locale":"pt_BR","og_type":"article","og_title":"No Dia Mundial do AVC, saiba como preveni-lo - Progredir Fisioterapia e Reabilita\u00e7\u00e3o - Cl\u00ednica Progredir","og_description":"Dia 29 de outubro &eacute; o Dia Mundial do Acidente Vascular Cerebral, mais conhecido como AVC. O AVC &eacute; a primeira causa de morte e incapacidades no Brasil e &eacute; respons&aacute;vel pela morte de milhares de pessoas ao redor do mundo, de acordo com dados da Organiza&ccedil;&atilde;o Mundial da Sa&uacute;de (OMS). Ele pode ser dividido [&hellip;]","og_url":"https:\/\/www.clinicaprogredir.com.br\/index.php\/2024\/05\/23\/noticias\/no-dia-mundial-do-avc-saiba-como-preveni-lo\/","og_site_name":"Progredir Fisioterapia e Reabilita\u00e7\u00e3o - Cl\u00ednica Progredir","article_published_time":"2024-05-23T12:54:10+00:00","article_modified_time":"2024-05-23T15:05:51+00:00","author":"Cl\u00ednica Progredir","twitter_card":"summary_large_image","twitter_misc":{"Escrito por":"Cl\u00ednica Progredir","Est. tempo de leitura":"3 minutos"},"schema":{"@context":"https:\/\/schema.org","@graph":[{"@type":"WebPage","@id":"https:\/\/www.clinicaprogredir.com.br\/index.php\/2024\/05\/23\/noticias\/no-dia-mundial-do-avc-saiba-como-preveni-lo\/","url":"https:\/\/www.clinicaprogredir.com.br\/index.php\/2024\/05\/23\/noticias\/no-dia-mundial-do-avc-saiba-como-preveni-lo\/","name":"No Dia Mundial do AVC, saiba como preveni-lo - Progredir Fisioterapia e Reabilita\u00e7\u00e3o - Cl\u00ednica Progredir","isPartOf":{"@id":"https:\/\/www.clinicaprogredir.com.br\/#website"},"datePublished":"2024-05-23T12:54:10+00:00","dateModified":"2024-05-23T15:05:51+00:00","author":{"@id":"https:\/\/www.clinicaprogredir.com.br\/#\/schema\/person\/17c6e5364885b7f1d08c57f7456545bb"},"breadcrumb":{"@id":"https:\/\/www.clinicaprogredir.com.br\/index.php\/2024\/05\/23\/noticias\/no-dia-mundial-do-avc-saiba-como-preveni-lo\/#breadcrumb"},"inLanguage":"pt-BR","potentialAction":[{"@type":"ReadAction","target":["https:\/\/www.clinicaprogredir.com.br\/index.php\/2024\/05\/23\/noticias\/no-dia-mundial-do-avc-saiba-como-preveni-lo\/"]}]},{"@type":"BreadcrumbList","@id":"https:\/\/www.clinicaprogredir.com.br\/index.php\/2024\/05\/23\/noticias\/no-dia-mundial-do-avc-saiba-como-preveni-lo\/#breadcrumb","itemListElement":[{"@type":"ListItem","position":1,"name":"In\u00edcio","item":"https:\/\/www.clinicaprogredir.com.br\/"},{"@type":"ListItem","position":2,"name":"No Dia Mundial do AVC, saiba como preveni-lo"}]},{"@type":"WebSite","@id":"https:\/\/www.clinicaprogredir.com.br\/#website","url":"https:\/\/www.clinicaprogredir.com.br\/","name":"Progredir Fisioterapia e Reabilita\u00e7\u00e3o - Cl\u00ednica Progredir","description":"A Progredir Fisioterapia e Reabilita\u00e7\u00e3o \u00e9 uma cl\u00ednica especializada que h\u00e1 mais de 15 anos trabalha na recupera\u00e7\u00e3o de pacientes neurol\u00f3gicos e ortop\u00e9dicos, fazendo com que seu tratamento ocorra sempre da forma mais simples e eficaz poss\u00edvel.","potentialAction":[{"@type":"SearchAction","target":{"@type":"EntryPoint","urlTemplate":"https:\/\/www.clinicaprogredir.com.br\/?s={search_term_string}"},"query-input":{"@type":"PropertyValueSpecification","valueRequired":true,"valueName":"search_term_string"}}],"inLanguage":"pt-BR"},{"@type":"Person","@id":"https:\/\/www.clinicaprogredir.com.br\/#\/schema\/person\/17c6e5364885b7f1d08c57f7456545bb","name":"Cl\u00ednica Progredir","sameAs":["http:\/\/www.clinicaprogredir.com.br"],"url":"https:\/\/www.clinicaprogredir.com.br\/index.php\/author\/clinicaprogredir\/"}]}},"_links":{"self":[{"href":"https:\/\/www.clinicaprogredir.com.br\/index.php\/wp-json\/wp\/v2\/posts\/2266","targetHints":{"allow":["GET"]}}],"collection":[{"href":"https:\/\/www.clinicaprogredir.com.br\/index.php\/wp-json\/wp\/v2\/posts"}],"about":[{"href":"https:\/\/www.clinicaprogredir.com.br\/index.php\/wp-json\/wp\/v2\/types\/post"}],"author":[{"embeddable":true,"href":"https:\/\/www.clinicaprogredir.com.br\/index.php\/wp-json\/wp\/v2\/users\/2"}],"replies":[{"embeddable":true,"href":"https:\/\/www.clinicaprogredir.com.br\/index.php\/wp-json\/wp\/v2\/comments?post=2266"}],"version-history":[{"count":2,"href":"https:\/\/www.clinicaprogredir.com.br\/index.php\/wp-json\/wp\/v2\/posts\/2266\/revisions"}],"predecessor-version":[{"id":3218,"href":"https:\/\/www.clinicaprogredir.com.br\/index.php\/wp-json\/wp\/v2\/posts\/2266\/revisions\/3218"}],"wp:attachment":[{"href":"https:\/\/www.clinicaprogredir.com.br\/index.php\/wp-json\/wp\/v2\/media?parent=2266"}],"wp:term":[{"taxonomy":"category","embeddable":true,"href":"https:\/\/www.clinicaprogredir.com.br\/index.php\/wp-json\/wp\/v2\/categories?post=2266"},{"taxonomy":"post_tag","embeddable":true,"href":"https:\/\/www.clinicaprogredir.com.br\/index.php\/wp-json\/wp\/v2\/tags?post=2266"}],"curies":[{"name":"wp","href":"https:\/\/api.w.org\/{rel}","templated":true}]}}