{"id":2298,"date":"2024-05-23T09:53:15","date_gmt":"2024-05-23T12:53:15","guid":{"rendered":"https:\/\/www.clinicaprogredir.com.br\/?p=2298"},"modified":"2024-05-23T11:43:43","modified_gmt":"2024-05-23T14:43:43","slug":"envelhecer-e-uma-questao-de-habitos-de-vida-entenda","status":"publish","type":"post","link":"https:\/\/www.clinicaprogredir.com.br\/index.php\/2024\/05\/23\/noticias\/envelhecer-e-uma-questao-de-habitos-de-vida-entenda\/","title":{"rendered":"Envelhecer \u00e9 uma quest\u00e3o de h\u00e1bitos de vida. Entenda!"},"content":{"rendered":"<p>O processo de envelhecimento &eacute; comum, certo? Ele ocorre com o passar do tempo, em que com a a&ccedil;&atilde;o da gravidade e da idade, h&aacute; a perda de massa &oacute;ssea e muscular e limita&ccedil;&atilde;o dos movimentos. Sim, certo. Em partes.<\/p>\n<p>Isso porque <strong>o tempo n&atilde;o &eacute; o &uacute;nico fator causador do envelhecimento<\/strong>. A gen&eacute;tica e os h&aacute;bitos de vida tamb&eacute;m t&ecirc;m suas porcentagens, 30% e 70% respectivamente, para sermos mais exatos.<\/p>\n<p><strong>O processo de envelhecimento<\/strong><\/p>\n<p>Estudos apontam que o <strong>envelhecimento come&ccedil;a a partir dos 28 anos<\/strong>, que &eacute; quando h&aacute; mudan&ccedil;as no jeito que caminhamos e no nosso equil&iacute;brio.<\/p>\n<p>Envelhecer &eacute; ver o corpo se desgastar e isso acontece por causa dos motivos que falamos anteriormente. Enquanto 30% do envelhecimento &eacute; de responsabilidade da limita&ccedil;&atilde;o gen&eacute;tica e biol&oacute;gica (tempo), os outros 70% correspondem a fatores externos como estresse, &aacute;lcool, tabaco e sol.<\/p>\n<p><strong>Como evitar o envelhecimento com a fisioterapia<\/strong><\/p>\n<p>N&atilde;o v&aacute; pensando que o tratamento com <strong>fisioterapia<\/strong> tem efeitos rejuvenescedores, porque n&atilde;o &eacute; bem esse o objetivo. No entanto, quando voc&ecirc; encontra um momento para focar no seu corpo, no fortalecimento e nas necessidades dele, voc&ecirc; automaticamente j&aacute; <strong>retarda o processo do envelhecimento.<\/strong><\/p>\n<p>Al&eacute;m disso, um dos procedimentos da fisioterapia mais indicados para o caso de envelhecimento &eacute; o treino de marcha, j&aacute; que a velocidade e a forma como caminhamos &eacute; um dos primeiros sinais de que o corpo est&aacute; se desgastando mais do que deveria. Assim, a parte f&iacute;sica &eacute; tratada.<\/p>\n<p>Outro ponto &eacute; a parte mental, com a qual a fisioterapia tamb&eacute;m oferece sua contribui&ccedil;&atilde;o, <strong>reduzindo o estresse e proporcionando mais disposi&ccedil;&atilde;o para o dia a dia,<\/strong> sem contar na melhora da concentra&ccedil;&atilde;o e coordena&ccedil;&atilde;o.<\/p>\n<p>O processo de envelhecimento &eacute; tal que todos iremos passar, mas voc&ecirc; pode aproveitar todas as fases da vida com mais sa&uacute;de e disposi&ccedil;&atilde;o. Quer saber mais? Ent&atilde;o clique <a href=\"http:\/\/bit.ly\/2gq5Ycl\"><strong>aqui<\/strong><\/a>&nbsp;e envie-nos suas d&uacute;vidas.<\/p>\n<p><strong>&nbsp;<\/strong><\/p>\n<p><strong>Fonte: <\/strong><a href=\"https:\/\/glo.bo\/2hO3lBJ\">G1<\/a><\/p>\n<p><!--more--><\/p>\n<p>&nbsp;<\/p>\n","protected":false},"excerpt":{"rendered":"<p>O processo de envelhecimento &eacute; comum, certo? Ele ocorre com o passar do tempo, em que com a a&ccedil;&atilde;o da gravidade e da idade, h&aacute; a perda de massa &oacute;ssea e muscular e limita&ccedil;&atilde;o dos movimentos. Sim, certo. Em partes. Isso porque o tempo n&atilde;o &eacute; o &uacute;nico fator causador do envelhecimento. A gen&eacute;tica e [&hellip;]<\/p>\n","protected":false},"author":1,"featured_media":0,"comment_status":"open","ping_status":"open","sticky":false,"template":"","format":"image","meta":{"inline_featured_image":false,"footnotes":""},"categories":[59],"tags":[],"class_list":["post-2298","post","type-post","status-publish","format-image","hentry","category-noticias","post_format-post-format-image"],"yoast_head":"<!-- This site is optimized with the Yoast SEO plugin v24.5 - https:\/\/yoast.com\/wordpress\/plugins\/seo\/ -->\n<title>Envelhecer \u00e9 uma quest\u00e3o de h\u00e1bitos de vida. Entenda! - Progredir Fisioterapia e Reabilita\u00e7\u00e3o - Cl\u00ednica Progredir<\/title>\n<meta name=\"robots\" content=\"index, follow, max-snippet:-1, max-image-preview:large, max-video-preview:-1\" \/>\n<link rel=\"canonical\" href=\"https:\/\/www.clinicaprogredir.com.br\/index.php\/2024\/05\/23\/noticias\/envelhecer-e-uma-questao-de-habitos-de-vida-entenda\/\" \/>\n<meta property=\"og:locale\" content=\"pt_BR\" \/>\n<meta property=\"og:type\" content=\"article\" \/>\n<meta property=\"og:title\" content=\"Envelhecer \u00e9 uma quest\u00e3o de h\u00e1bitos de vida. Entenda! - Progredir Fisioterapia e Reabilita\u00e7\u00e3o - Cl\u00ednica Progredir\" \/>\n<meta property=\"og:description\" content=\"O processo de envelhecimento &eacute; comum, certo? Ele ocorre com o passar do tempo, em que com a a&ccedil;&atilde;o da gravidade e da idade, h&aacute; a perda de massa &oacute;ssea e muscular e limita&ccedil;&atilde;o dos movimentos. Sim, certo. Em partes. Isso porque o tempo n&atilde;o &eacute; o &uacute;nico fator causador do envelhecimento. A gen&eacute;tica e [&hellip;]\" \/>\n<meta property=\"og:url\" content=\"https:\/\/www.clinicaprogredir.com.br\/index.php\/2024\/05\/23\/noticias\/envelhecer-e-uma-questao-de-habitos-de-vida-entenda\/\" \/>\n<meta property=\"og:site_name\" content=\"Progredir Fisioterapia e Reabilita\u00e7\u00e3o - Cl\u00ednica Progredir\" \/>\n<meta property=\"article:published_time\" content=\"2024-05-23T12:53:15+00:00\" \/>\n<meta property=\"article:modified_time\" content=\"2024-05-23T14:43:43+00:00\" \/>\n<meta name=\"author\" content=\"baloodesign\" \/>\n<meta name=\"twitter:card\" content=\"summary_large_image\" \/>\n<meta name=\"twitter:label1\" content=\"Escrito por\" \/>\n\t<meta name=\"twitter:data1\" content=\"baloodesign\" \/>\n\t<meta name=\"twitter:label2\" content=\"Est. tempo de leitura\" \/>\n\t<meta name=\"twitter:data2\" content=\"2 minutos\" \/>\n<script type=\"application\/ld+json\" class=\"yoast-schema-graph\">{\"@context\":\"https:\/\/schema.org\",\"@graph\":[{\"@type\":\"WebPage\",\"@id\":\"https:\/\/www.clinicaprogredir.com.br\/index.php\/2024\/05\/23\/noticias\/envelhecer-e-uma-questao-de-habitos-de-vida-entenda\/\",\"url\":\"https:\/\/www.clinicaprogredir.com.br\/index.php\/2024\/05\/23\/noticias\/envelhecer-e-uma-questao-de-habitos-de-vida-entenda\/\",\"name\":\"Envelhecer \u00e9 uma quest\u00e3o de h\u00e1bitos de vida. Entenda! - Progredir Fisioterapia e Reabilita\u00e7\u00e3o - Cl\u00ednica Progredir\",\"isPartOf\":{\"@id\":\"https:\/\/www.clinicaprogredir.com.br\/#website\"},\"datePublished\":\"2024-05-23T12:53:15+00:00\",\"dateModified\":\"2024-05-23T14:43:43+00:00\",\"author\":{\"@id\":\"https:\/\/www.clinicaprogredir.com.br\/#\/schema\/person\/9b800bb3d93c54f7c09bc27cf913c155\"},\"breadcrumb\":{\"@id\":\"https:\/\/www.clinicaprogredir.com.br\/index.php\/2024\/05\/23\/noticias\/envelhecer-e-uma-questao-de-habitos-de-vida-entenda\/#breadcrumb\"},\"inLanguage\":\"pt-BR\",\"potentialAction\":[{\"@type\":\"ReadAction\",\"target\":[\"https:\/\/www.clinicaprogredir.com.br\/index.php\/2024\/05\/23\/noticias\/envelhecer-e-uma-questao-de-habitos-de-vida-entenda\/\"]}]},{\"@type\":\"BreadcrumbList\",\"@id\":\"https:\/\/www.clinicaprogredir.com.br\/index.php\/2024\/05\/23\/noticias\/envelhecer-e-uma-questao-de-habitos-de-vida-entenda\/#breadcrumb\",\"itemListElement\":[{\"@type\":\"ListItem\",\"position\":1,\"name\":\"In\u00edcio\",\"item\":\"https:\/\/www.clinicaprogredir.com.br\/\"},{\"@type\":\"ListItem\",\"position\":2,\"name\":\"Envelhecer \u00e9 uma quest\u00e3o de h\u00e1bitos de vida. Entenda!\"}]},{\"@type\":\"WebSite\",\"@id\":\"https:\/\/www.clinicaprogredir.com.br\/#website\",\"url\":\"https:\/\/www.clinicaprogredir.com.br\/\",\"name\":\"Progredir Fisioterapia e Reabilita\u00e7\u00e3o - Cl\u00ednica Progredir\",\"description\":\"A Progredir Fisioterapia e Reabilita\u00e7\u00e3o \u00e9 uma cl\u00ednica especializada que h\u00e1 mais de 15 anos trabalha na recupera\u00e7\u00e3o de pacientes neurol\u00f3gicos e ortop\u00e9dicos, fazendo com que seu tratamento ocorra sempre da forma mais simples e eficaz poss\u00edvel.\",\"potentialAction\":[{\"@type\":\"SearchAction\",\"target\":{\"@type\":\"EntryPoint\",\"urlTemplate\":\"https:\/\/www.clinicaprogredir.com.br\/?s={search_term_string}\"},\"query-input\":{\"@type\":\"PropertyValueSpecification\",\"valueRequired\":true,\"valueName\":\"search_term_string\"}}],\"inLanguage\":\"pt-BR\"},{\"@type\":\"Person\",\"@id\":\"https:\/\/www.clinicaprogredir.com.br\/#\/schema\/person\/9b800bb3d93c54f7c09bc27cf913c155\",\"name\":\"baloodesign\",\"sameAs\":[\"https:\/\/publicidadejundiai.com.br\/progredir\"],\"url\":\"https:\/\/www.clinicaprogredir.com.br\/index.php\/author\/baloodesign\/\"}]}<\/script>\n<!-- \/ Yoast SEO plugin. -->","yoast_head_json":{"title":"Envelhecer \u00e9 uma quest\u00e3o de h\u00e1bitos de vida. Entenda! - Progredir Fisioterapia e Reabilita\u00e7\u00e3o - Cl\u00ednica Progredir","robots":{"index":"index","follow":"follow","max-snippet":"max-snippet:-1","max-image-preview":"max-image-preview:large","max-video-preview":"max-video-preview:-1"},"canonical":"https:\/\/www.clinicaprogredir.com.br\/index.php\/2024\/05\/23\/noticias\/envelhecer-e-uma-questao-de-habitos-de-vida-entenda\/","og_locale":"pt_BR","og_type":"article","og_title":"Envelhecer \u00e9 uma quest\u00e3o de h\u00e1bitos de vida. Entenda! - Progredir Fisioterapia e Reabilita\u00e7\u00e3o - Cl\u00ednica Progredir","og_description":"O processo de envelhecimento &eacute; comum, certo? Ele ocorre com o passar do tempo, em que com a a&ccedil;&atilde;o da gravidade e da idade, h&aacute; a perda de massa &oacute;ssea e muscular e limita&ccedil;&atilde;o dos movimentos. Sim, certo. Em partes. Isso porque o tempo n&atilde;o &eacute; o &uacute;nico fator causador do envelhecimento. A gen&eacute;tica e [&hellip;]","og_url":"https:\/\/www.clinicaprogredir.com.br\/index.php\/2024\/05\/23\/noticias\/envelhecer-e-uma-questao-de-habitos-de-vida-entenda\/","og_site_name":"Progredir Fisioterapia e Reabilita\u00e7\u00e3o - Cl\u00ednica Progredir","article_published_time":"2024-05-23T12:53:15+00:00","article_modified_time":"2024-05-23T14:43:43+00:00","author":"baloodesign","twitter_card":"summary_large_image","twitter_misc":{"Escrito por":"baloodesign","Est. tempo de leitura":"2 minutos"},"schema":{"@context":"https:\/\/schema.org","@graph":[{"@type":"WebPage","@id":"https:\/\/www.clinicaprogredir.com.br\/index.php\/2024\/05\/23\/noticias\/envelhecer-e-uma-questao-de-habitos-de-vida-entenda\/","url":"https:\/\/www.clinicaprogredir.com.br\/index.php\/2024\/05\/23\/noticias\/envelhecer-e-uma-questao-de-habitos-de-vida-entenda\/","name":"Envelhecer \u00e9 uma quest\u00e3o de h\u00e1bitos de vida. Entenda! - Progredir Fisioterapia e Reabilita\u00e7\u00e3o - Cl\u00ednica Progredir","isPartOf":{"@id":"https:\/\/www.clinicaprogredir.com.br\/#website"},"datePublished":"2024-05-23T12:53:15+00:00","dateModified":"2024-05-23T14:43:43+00:00","author":{"@id":"https:\/\/www.clinicaprogredir.com.br\/#\/schema\/person\/9b800bb3d93c54f7c09bc27cf913c155"},"breadcrumb":{"@id":"https:\/\/www.clinicaprogredir.com.br\/index.php\/2024\/05\/23\/noticias\/envelhecer-e-uma-questao-de-habitos-de-vida-entenda\/#breadcrumb"},"inLanguage":"pt-BR","potentialAction":[{"@type":"ReadAction","target":["https:\/\/www.clinicaprogredir.com.br\/index.php\/2024\/05\/23\/noticias\/envelhecer-e-uma-questao-de-habitos-de-vida-entenda\/"]}]},{"@type":"BreadcrumbList","@id":"https:\/\/www.clinicaprogredir.com.br\/index.php\/2024\/05\/23\/noticias\/envelhecer-e-uma-questao-de-habitos-de-vida-entenda\/#breadcrumb","itemListElement":[{"@type":"ListItem","position":1,"name":"In\u00edcio","item":"https:\/\/www.clinicaprogredir.com.br\/"},{"@type":"ListItem","position":2,"name":"Envelhecer \u00e9 uma quest\u00e3o de h\u00e1bitos de vida. Entenda!"}]},{"@type":"WebSite","@id":"https:\/\/www.clinicaprogredir.com.br\/#website","url":"https:\/\/www.clinicaprogredir.com.br\/","name":"Progredir Fisioterapia e Reabilita\u00e7\u00e3o - Cl\u00ednica Progredir","description":"A Progredir Fisioterapia e Reabilita\u00e7\u00e3o \u00e9 uma cl\u00ednica especializada que h\u00e1 mais de 15 anos trabalha na recupera\u00e7\u00e3o de pacientes neurol\u00f3gicos e ortop\u00e9dicos, fazendo com que seu tratamento ocorra sempre da forma mais simples e eficaz poss\u00edvel.","potentialAction":[{"@type":"SearchAction","target":{"@type":"EntryPoint","urlTemplate":"https:\/\/www.clinicaprogredir.com.br\/?s={search_term_string}"},"query-input":{"@type":"PropertyValueSpecification","valueRequired":true,"valueName":"search_term_string"}}],"inLanguage":"pt-BR"},{"@type":"Person","@id":"https:\/\/www.clinicaprogredir.com.br\/#\/schema\/person\/9b800bb3d93c54f7c09bc27cf913c155","name":"baloodesign","sameAs":["https:\/\/publicidadejundiai.com.br\/progredir"],"url":"https:\/\/www.clinicaprogredir.com.br\/index.php\/author\/baloodesign\/"}]}},"_links":{"self":[{"href":"https:\/\/www.clinicaprogredir.com.br\/index.php\/wp-json\/wp\/v2\/posts\/2298","targetHints":{"allow":["GET"]}}],"collection":[{"href":"https:\/\/www.clinicaprogredir.com.br\/index.php\/wp-json\/wp\/v2\/posts"}],"about":[{"href":"https:\/\/www.clinicaprogredir.com.br\/index.php\/wp-json\/wp\/v2\/types\/post"}],"author":[{"embeddable":true,"href":"https:\/\/www.clinicaprogredir.com.br\/index.php\/wp-json\/wp\/v2\/users\/1"}],"replies":[{"embeddable":true,"href":"https:\/\/www.clinicaprogredir.com.br\/index.php\/wp-json\/wp\/v2\/comments?post=2298"}],"version-history":[{"count":1,"href":"https:\/\/www.clinicaprogredir.com.br\/index.php\/wp-json\/wp\/v2\/posts\/2298\/revisions"}],"predecessor-version":[{"id":2543,"href":"https:\/\/www.clinicaprogredir.com.br\/index.php\/wp-json\/wp\/v2\/posts\/2298\/revisions\/2543"}],"wp:attachment":[{"href":"https:\/\/www.clinicaprogredir.com.br\/index.php\/wp-json\/wp\/v2\/media?parent=2298"}],"wp:term":[{"taxonomy":"category","embeddable":true,"href":"https:\/\/www.clinicaprogredir.com.br\/index.php\/wp-json\/wp\/v2\/categories?post=2298"},{"taxonomy":"post_tag","embeddable":true,"href":"https:\/\/www.clinicaprogredir.com.br\/index.php\/wp-json\/wp\/v2\/tags?post=2298"}],"curies":[{"name":"wp","href":"https:\/\/api.w.org\/{rel}","templated":true}]}}