{"id":2321,"date":"2024-05-23T09:51:02","date_gmt":"2024-05-23T12:51:02","guid":{"rendered":"https:\/\/www.clinicaprogredir.com.br\/?p=2321"},"modified":"2024-05-23T11:45:33","modified_gmt":"2024-05-23T14:45:33","slug":"a-estreia-internacional-de-carol-santiago","status":"publish","type":"post","link":"https:\/\/www.clinicaprogredir.com.br\/index.php\/2024\/05\/23\/noticias\/a-estreia-internacional-de-carol-santiago\/","title":{"rendered":"A estr\u00e9ia internacional de Carol Santiago"},"content":{"rendered":"<p>A estr\u00e9ia em Jogos do Parapan costumam ser inesquec\u00edveis! E a competi\u00e7\u00e3o deste ano, que vai de 23 de agosto a 1 de setembro em Lima, ser\u00e1 a primeira para a nadadora Carol Santiago.<\/p>\n<p><!--more--><\/p>\n<p>Carol integra a sele\u00e7\u00e3o brasileira de nata\u00e7\u00e3o h\u00e1 menos de um ano, o que n\u00e3o \u00e9 um problema. Somente em 2019, a pernambucana de 34 anos j\u00e1 obteve dois recordes mundiais nos 100m peito na classe s12, para pessoas com defici\u00eancias visuais, e conquistou \u00edndices para as principais competi\u00e7\u00f5es da temporada.<\/p>\n<p>Ser\u00e1 a primeira vez que ela competir\u00e1 em outro pa\u00eds. &#8220;Eu estou muito empolgada, animada demais. Quando caiu a ficha de que eu n\u00e3o ia conseguir no convencional, n\u00e3o me imaginei mais nadando numa competi\u00e7\u00e3o t\u00e3o importante. Aquele sonho que eu tinha de ser uma atleta profissional j\u00e1 n\u00e3o existia mais. Quando conheci o paral\u00edmpico, custei a acreditar que isso realmente ia acontecer&#8221;, conta a atleta.<\/p>\n<p>Carol Santiago revela que mesmo com t\u00e3o pouco tempo de competi\u00e7\u00f5es, as expectativas s\u00e3o grandes para conseguir vaga nas Paralimp\u00edadas de T\u00f3quio 2020. &#8220;O que eu quero \u00e9 chegar l\u00e1 e realmente dar o meu melhor. Tentar melhorar ainda mais, usar a competi\u00e7\u00e3o como experi\u00eancia para poder, se Deus quiser, participar de T\u00f3quio no ano que vem. Eu vou realmente aproveitar ao m\u00e1ximo. Tem tamb\u00e9m a adrenalina de competir com os melhores do mundo. Eu vou ter que me superar&#8221;.<\/p>\n<p>Para isso, a nadadora tem treinado forte. &#8220;Comecei a treinar e, realmente, foi muito ligeiro. Eles mudaram meu jeito de nadar e minha resist\u00eancia de aguentar prova. O trabalho feito no Centro de Treinamento Paral\u00edmpico \u00e9 muito s\u00e9rio. Eu n\u00e3o falto um treino sequer. Mesmo sendo muito dif\u00edcil, at\u00e9 por conta da idade&#8221;, disse Carol, que pratica no Centro de Refer\u00eancia de nata\u00e7\u00e3o do CT Paral\u00edmpico, em S\u00e3o Paulo, desde o in\u00edcio do ano.<\/p>\n<p>Logo ap\u00f3s o Parapan, acontecer\u00e1 o Mundial de Nata\u00e7\u00e3o, em Londres, e Carol Santiago tamb\u00e9m estar\u00e1 l\u00e1.<\/p>\n<p>Fonte: Comit\u00ea Paral\u00edmpico Brasileiro<br \/>Foto: Ale Cabral\/CPB<\/p>\n","protected":false},"excerpt":{"rendered":"<p>A estr\u00e9ia em Jogos do Parapan costumam ser inesquec\u00edveis! E a competi\u00e7\u00e3o deste ano, que vai de 23 de agosto a 1 de setembro em Lima, ser\u00e1 a primeira para a nadadora Carol Santiago.<\/p>\n","protected":false},"author":1,"featured_media":0,"comment_status":"open","ping_status":"open","sticky":false,"template":"","format":"image","meta":{"inline_featured_image":false,"footnotes":""},"categories":[59],"tags":[],"class_list":["post-2321","post","type-post","status-publish","format-image","hentry","category-noticias","post_format-post-format-image"],"yoast_head":"<!-- This site is optimized with the Yoast SEO plugin v24.5 - https:\/\/yoast.com\/wordpress\/plugins\/seo\/ -->\n<title>A estr\u00e9ia internacional de Carol Santiago - Progredir Fisioterapia e Reabilita\u00e7\u00e3o - Cl\u00ednica Progredir<\/title>\n<meta name=\"robots\" content=\"index, follow, max-snippet:-1, max-image-preview:large, max-video-preview:-1\" \/>\n<link rel=\"canonical\" href=\"https:\/\/www.clinicaprogredir.com.br\/index.php\/2024\/05\/23\/noticias\/a-estreia-internacional-de-carol-santiago\/\" \/>\n<meta property=\"og:locale\" content=\"pt_BR\" \/>\n<meta property=\"og:type\" content=\"article\" \/>\n<meta property=\"og:title\" content=\"A estr\u00e9ia internacional de Carol Santiago - Progredir Fisioterapia e Reabilita\u00e7\u00e3o - Cl\u00ednica Progredir\" \/>\n<meta property=\"og:description\" content=\"A estr\u00e9ia em Jogos do Parapan costumam ser inesquec\u00edveis! E a competi\u00e7\u00e3o deste ano, que vai de 23 de agosto a 1 de setembro em Lima, ser\u00e1 a primeira para a nadadora Carol Santiago.\" \/>\n<meta property=\"og:url\" content=\"https:\/\/www.clinicaprogredir.com.br\/index.php\/2024\/05\/23\/noticias\/a-estreia-internacional-de-carol-santiago\/\" \/>\n<meta property=\"og:site_name\" content=\"Progredir Fisioterapia e Reabilita\u00e7\u00e3o - Cl\u00ednica Progredir\" \/>\n<meta property=\"article:published_time\" content=\"2024-05-23T12:51:02+00:00\" \/>\n<meta property=\"article:modified_time\" content=\"2024-05-23T14:45:33+00:00\" \/>\n<meta name=\"author\" content=\"baloodesign\" \/>\n<meta name=\"twitter:card\" content=\"summary_large_image\" \/>\n<meta name=\"twitter:label1\" content=\"Escrito por\" \/>\n\t<meta name=\"twitter:data1\" content=\"baloodesign\" \/>\n\t<meta name=\"twitter:label2\" content=\"Est. tempo de leitura\" \/>\n\t<meta name=\"twitter:data2\" content=\"2 minutos\" \/>\n<script type=\"application\/ld+json\" class=\"yoast-schema-graph\">{\"@context\":\"https:\/\/schema.org\",\"@graph\":[{\"@type\":\"WebPage\",\"@id\":\"https:\/\/www.clinicaprogredir.com.br\/index.php\/2024\/05\/23\/noticias\/a-estreia-internacional-de-carol-santiago\/\",\"url\":\"https:\/\/www.clinicaprogredir.com.br\/index.php\/2024\/05\/23\/noticias\/a-estreia-internacional-de-carol-santiago\/\",\"name\":\"A estr\u00e9ia internacional de Carol Santiago - Progredir Fisioterapia e Reabilita\u00e7\u00e3o - Cl\u00ednica Progredir\",\"isPartOf\":{\"@id\":\"https:\/\/www.clinicaprogredir.com.br\/#website\"},\"datePublished\":\"2024-05-23T12:51:02+00:00\",\"dateModified\":\"2024-05-23T14:45:33+00:00\",\"author\":{\"@id\":\"https:\/\/www.clinicaprogredir.com.br\/#\/schema\/person\/9b800bb3d93c54f7c09bc27cf913c155\"},\"breadcrumb\":{\"@id\":\"https:\/\/www.clinicaprogredir.com.br\/index.php\/2024\/05\/23\/noticias\/a-estreia-internacional-de-carol-santiago\/#breadcrumb\"},\"inLanguage\":\"pt-BR\",\"potentialAction\":[{\"@type\":\"ReadAction\",\"target\":[\"https:\/\/www.clinicaprogredir.com.br\/index.php\/2024\/05\/23\/noticias\/a-estreia-internacional-de-carol-santiago\/\"]}]},{\"@type\":\"BreadcrumbList\",\"@id\":\"https:\/\/www.clinicaprogredir.com.br\/index.php\/2024\/05\/23\/noticias\/a-estreia-internacional-de-carol-santiago\/#breadcrumb\",\"itemListElement\":[{\"@type\":\"ListItem\",\"position\":1,\"name\":\"In\u00edcio\",\"item\":\"https:\/\/www.clinicaprogredir.com.br\/\"},{\"@type\":\"ListItem\",\"position\":2,\"name\":\"A estr\u00e9ia internacional de Carol Santiago\"}]},{\"@type\":\"WebSite\",\"@id\":\"https:\/\/www.clinicaprogredir.com.br\/#website\",\"url\":\"https:\/\/www.clinicaprogredir.com.br\/\",\"name\":\"Progredir Fisioterapia e Reabilita\u00e7\u00e3o - Cl\u00ednica Progredir\",\"description\":\"A Progredir Fisioterapia e Reabilita\u00e7\u00e3o \u00e9 uma cl\u00ednica especializada que h\u00e1 mais de 15 anos trabalha na recupera\u00e7\u00e3o de pacientes neurol\u00f3gicos e ortop\u00e9dicos, fazendo com que seu tratamento ocorra sempre da forma mais simples e eficaz poss\u00edvel.\",\"potentialAction\":[{\"@type\":\"SearchAction\",\"target\":{\"@type\":\"EntryPoint\",\"urlTemplate\":\"https:\/\/www.clinicaprogredir.com.br\/?s={search_term_string}\"},\"query-input\":{\"@type\":\"PropertyValueSpecification\",\"valueRequired\":true,\"valueName\":\"search_term_string\"}}],\"inLanguage\":\"pt-BR\"},{\"@type\":\"Person\",\"@id\":\"https:\/\/www.clinicaprogredir.com.br\/#\/schema\/person\/9b800bb3d93c54f7c09bc27cf913c155\",\"name\":\"baloodesign\",\"sameAs\":[\"https:\/\/publicidadejundiai.com.br\/progredir\"],\"url\":\"https:\/\/www.clinicaprogredir.com.br\/index.php\/author\/baloodesign\/\"}]}<\/script>\n<!-- \/ Yoast SEO plugin. -->","yoast_head_json":{"title":"A estr\u00e9ia internacional de Carol Santiago - Progredir Fisioterapia e Reabilita\u00e7\u00e3o - Cl\u00ednica Progredir","robots":{"index":"index","follow":"follow","max-snippet":"max-snippet:-1","max-image-preview":"max-image-preview:large","max-video-preview":"max-video-preview:-1"},"canonical":"https:\/\/www.clinicaprogredir.com.br\/index.php\/2024\/05\/23\/noticias\/a-estreia-internacional-de-carol-santiago\/","og_locale":"pt_BR","og_type":"article","og_title":"A estr\u00e9ia internacional de Carol Santiago - Progredir Fisioterapia e Reabilita\u00e7\u00e3o - Cl\u00ednica Progredir","og_description":"A estr\u00e9ia em Jogos do Parapan costumam ser inesquec\u00edveis! E a competi\u00e7\u00e3o deste ano, que vai de 23 de agosto a 1 de setembro em Lima, ser\u00e1 a primeira para a nadadora Carol Santiago.","og_url":"https:\/\/www.clinicaprogredir.com.br\/index.php\/2024\/05\/23\/noticias\/a-estreia-internacional-de-carol-santiago\/","og_site_name":"Progredir Fisioterapia e Reabilita\u00e7\u00e3o - Cl\u00ednica Progredir","article_published_time":"2024-05-23T12:51:02+00:00","article_modified_time":"2024-05-23T14:45:33+00:00","author":"baloodesign","twitter_card":"summary_large_image","twitter_misc":{"Escrito por":"baloodesign","Est. tempo de leitura":"2 minutos"},"schema":{"@context":"https:\/\/schema.org","@graph":[{"@type":"WebPage","@id":"https:\/\/www.clinicaprogredir.com.br\/index.php\/2024\/05\/23\/noticias\/a-estreia-internacional-de-carol-santiago\/","url":"https:\/\/www.clinicaprogredir.com.br\/index.php\/2024\/05\/23\/noticias\/a-estreia-internacional-de-carol-santiago\/","name":"A estr\u00e9ia internacional de Carol Santiago - Progredir Fisioterapia e Reabilita\u00e7\u00e3o - Cl\u00ednica Progredir","isPartOf":{"@id":"https:\/\/www.clinicaprogredir.com.br\/#website"},"datePublished":"2024-05-23T12:51:02+00:00","dateModified":"2024-05-23T14:45:33+00:00","author":{"@id":"https:\/\/www.clinicaprogredir.com.br\/#\/schema\/person\/9b800bb3d93c54f7c09bc27cf913c155"},"breadcrumb":{"@id":"https:\/\/www.clinicaprogredir.com.br\/index.php\/2024\/05\/23\/noticias\/a-estreia-internacional-de-carol-santiago\/#breadcrumb"},"inLanguage":"pt-BR","potentialAction":[{"@type":"ReadAction","target":["https:\/\/www.clinicaprogredir.com.br\/index.php\/2024\/05\/23\/noticias\/a-estreia-internacional-de-carol-santiago\/"]}]},{"@type":"BreadcrumbList","@id":"https:\/\/www.clinicaprogredir.com.br\/index.php\/2024\/05\/23\/noticias\/a-estreia-internacional-de-carol-santiago\/#breadcrumb","itemListElement":[{"@type":"ListItem","position":1,"name":"In\u00edcio","item":"https:\/\/www.clinicaprogredir.com.br\/"},{"@type":"ListItem","position":2,"name":"A estr\u00e9ia internacional de Carol Santiago"}]},{"@type":"WebSite","@id":"https:\/\/www.clinicaprogredir.com.br\/#website","url":"https:\/\/www.clinicaprogredir.com.br\/","name":"Progredir Fisioterapia e Reabilita\u00e7\u00e3o - Cl\u00ednica Progredir","description":"A Progredir Fisioterapia e Reabilita\u00e7\u00e3o \u00e9 uma cl\u00ednica especializada que h\u00e1 mais de 15 anos trabalha na recupera\u00e7\u00e3o de pacientes neurol\u00f3gicos e ortop\u00e9dicos, fazendo com que seu tratamento ocorra sempre da forma mais simples e eficaz poss\u00edvel.","potentialAction":[{"@type":"SearchAction","target":{"@type":"EntryPoint","urlTemplate":"https:\/\/www.clinicaprogredir.com.br\/?s={search_term_string}"},"query-input":{"@type":"PropertyValueSpecification","valueRequired":true,"valueName":"search_term_string"}}],"inLanguage":"pt-BR"},{"@type":"Person","@id":"https:\/\/www.clinicaprogredir.com.br\/#\/schema\/person\/9b800bb3d93c54f7c09bc27cf913c155","name":"baloodesign","sameAs":["https:\/\/publicidadejundiai.com.br\/progredir"],"url":"https:\/\/www.clinicaprogredir.com.br\/index.php\/author\/baloodesign\/"}]}},"_links":{"self":[{"href":"https:\/\/www.clinicaprogredir.com.br\/index.php\/wp-json\/wp\/v2\/posts\/2321","targetHints":{"allow":["GET"]}}],"collection":[{"href":"https:\/\/www.clinicaprogredir.com.br\/index.php\/wp-json\/wp\/v2\/posts"}],"about":[{"href":"https:\/\/www.clinicaprogredir.com.br\/index.php\/wp-json\/wp\/v2\/types\/post"}],"author":[{"embeddable":true,"href":"https:\/\/www.clinicaprogredir.com.br\/index.php\/wp-json\/wp\/v2\/users\/1"}],"replies":[{"embeddable":true,"href":"https:\/\/www.clinicaprogredir.com.br\/index.php\/wp-json\/wp\/v2\/comments?post=2321"}],"version-history":[{"count":1,"href":"https:\/\/www.clinicaprogredir.com.br\/index.php\/wp-json\/wp\/v2\/posts\/2321\/revisions"}],"predecessor-version":[{"id":2520,"href":"https:\/\/www.clinicaprogredir.com.br\/index.php\/wp-json\/wp\/v2\/posts\/2321\/revisions\/2520"}],"wp:attachment":[{"href":"https:\/\/www.clinicaprogredir.com.br\/index.php\/wp-json\/wp\/v2\/media?parent=2321"}],"wp:term":[{"taxonomy":"category","embeddable":true,"href":"https:\/\/www.clinicaprogredir.com.br\/index.php\/wp-json\/wp\/v2\/categories?post=2321"},{"taxonomy":"post_tag","embeddable":true,"href":"https:\/\/www.clinicaprogredir.com.br\/index.php\/wp-json\/wp\/v2\/tags?post=2321"}],"curies":[{"name":"wp","href":"https:\/\/api.w.org\/{rel}","templated":true}]}}