{"id":2324,"date":"2024-05-23T09:51:02","date_gmt":"2024-05-23T12:51:02","guid":{"rendered":"https:\/\/www.clinicaprogredir.com.br\/?p=2324"},"modified":"2024-05-23T11:45:33","modified_gmt":"2024-05-23T14:45:33","slug":"alan-fonteles-das-proteses-de-madeira-a-gloria","status":"publish","type":"post","link":"https:\/\/www.clinicaprogredir.com.br\/index.php\/2024\/05\/23\/noticias\/alan-fonteles-das-proteses-de-madeira-a-gloria\/","title":{"rendered":"Alan Fonteles, das pr\u00f3teses de madeira \u00e0 gl\u00f3ria"},"content":{"rendered":"<p>Campe\u00e3o Mundial e Paral\u00edmpico, talvez voc\u00ea n\u00e3o saiba, mas este \u00e9 Alan Fonteles Cardoso Oliveira, ou apenas Alan Fonteles. Corredor de atletismo brasileiro e campe\u00e3o Paral\u00edmpico e Parapan Americano.<\/p>\n<p><!--more--><\/p>\n<p>Nascido em Marab\u00e1, interior do Par\u00e1, conheceu o atletismo aos 8 anos. Ainda naquele tempo, usava pr\u00f3teses de madeira, nada confort\u00e1veis para correr. Mesmo assim, treinava e se dedicava ao esporte.<\/p>\n<p>Somente aos 14 anos, a hist\u00f3ria de Alan tomou outro rumo e seu talento pode crescer. Foi quando Rivaldo Martins, um para-atleta brasileiro que disputava campeonato de Ironman, viu o jovem corredor em um competi\u00e7\u00e3o em Bel\u00e9m e ficou surpreso com o desempenho em condi\u00e7\u00f5es totalmente adversas. Como Rivaldo integrava a funda\u00e7\u00e3o norte-americana Challeng Athletes Foundation, solicitou pr\u00f3teses adequadas para Alan Fonteles.<\/p>\n<p>Ent\u00e3o, come\u00e7ou o brilho do garoto. Aos 15 anos, foi convocado para as Paralimp\u00edadas de Pequim e ajudou a conquistar a prata no revezamento 4&#215;100. Em 2012, veio sua grande gl\u00f3ria, ao bater o grande favorito da modalidade, Oscar Pistorius, conquistando o ouro paral\u00edmpico. No ano seguinte, consegue a medalha de ouro no mundial. No Parapan de Toronto 2015, mais um primeiro lugar.&nbsp;<\/p>\n<p>Agora, em 2019, Alan Fonteles vem treinando forte e quer mais uma vez brilhar no atletismo.<\/p>\n<p>Fonte: Rede Nacional do Esporte<br \/>Foto: Getty Images<\/p>\n","protected":false},"excerpt":{"rendered":"<p>Campe\u00e3o Mundial e Paral\u00edmpico, talvez voc\u00ea n\u00e3o saiba, mas este \u00e9 Alan Fonteles Cardoso Oliveira, ou apenas Alan Fonteles. Corredor de atletismo brasileiro e campe\u00e3o Paral\u00edmpico e Parapan Americano.<\/p>\n","protected":false},"author":1,"featured_media":0,"comment_status":"open","ping_status":"open","sticky":false,"template":"","format":"image","meta":{"inline_featured_image":false,"footnotes":""},"categories":[59],"tags":[],"class_list":["post-2324","post","type-post","status-publish","format-image","hentry","category-noticias","post_format-post-format-image"],"yoast_head":"<!-- This site is optimized with the Yoast SEO plugin v24.5 - https:\/\/yoast.com\/wordpress\/plugins\/seo\/ -->\n<title>Alan Fonteles, das pr\u00f3teses de madeira \u00e0 gl\u00f3ria - Progredir Fisioterapia e Reabilita\u00e7\u00e3o - Cl\u00ednica Progredir<\/title>\n<meta name=\"robots\" content=\"index, follow, max-snippet:-1, max-image-preview:large, max-video-preview:-1\" \/>\n<link rel=\"canonical\" href=\"https:\/\/www.clinicaprogredir.com.br\/index.php\/2024\/05\/23\/noticias\/alan-fonteles-das-proteses-de-madeira-a-gloria\/\" \/>\n<meta property=\"og:locale\" content=\"pt_BR\" \/>\n<meta property=\"og:type\" content=\"article\" \/>\n<meta property=\"og:title\" content=\"Alan Fonteles, das pr\u00f3teses de madeira \u00e0 gl\u00f3ria - Progredir Fisioterapia e Reabilita\u00e7\u00e3o - Cl\u00ednica Progredir\" \/>\n<meta property=\"og:description\" content=\"Campe\u00e3o Mundial e Paral\u00edmpico, talvez voc\u00ea n\u00e3o saiba, mas este \u00e9 Alan Fonteles Cardoso Oliveira, ou apenas Alan Fonteles. Corredor de atletismo brasileiro e campe\u00e3o Paral\u00edmpico e Parapan Americano.\" \/>\n<meta property=\"og:url\" content=\"https:\/\/www.clinicaprogredir.com.br\/index.php\/2024\/05\/23\/noticias\/alan-fonteles-das-proteses-de-madeira-a-gloria\/\" \/>\n<meta property=\"og:site_name\" content=\"Progredir Fisioterapia e Reabilita\u00e7\u00e3o - Cl\u00ednica Progredir\" \/>\n<meta property=\"article:published_time\" content=\"2024-05-23T12:51:02+00:00\" \/>\n<meta property=\"article:modified_time\" content=\"2024-05-23T14:45:33+00:00\" \/>\n<meta name=\"author\" content=\"baloodesign\" \/>\n<meta name=\"twitter:card\" content=\"summary_large_image\" \/>\n<meta name=\"twitter:label1\" content=\"Escrito por\" \/>\n\t<meta name=\"twitter:data1\" content=\"baloodesign\" \/>\n\t<meta name=\"twitter:label2\" content=\"Est. tempo de leitura\" \/>\n\t<meta name=\"twitter:data2\" content=\"1 minuto\" \/>\n<script type=\"application\/ld+json\" class=\"yoast-schema-graph\">{\"@context\":\"https:\/\/schema.org\",\"@graph\":[{\"@type\":\"WebPage\",\"@id\":\"https:\/\/www.clinicaprogredir.com.br\/index.php\/2024\/05\/23\/noticias\/alan-fonteles-das-proteses-de-madeira-a-gloria\/\",\"url\":\"https:\/\/www.clinicaprogredir.com.br\/index.php\/2024\/05\/23\/noticias\/alan-fonteles-das-proteses-de-madeira-a-gloria\/\",\"name\":\"Alan Fonteles, das pr\u00f3teses de madeira \u00e0 gl\u00f3ria - Progredir Fisioterapia e Reabilita\u00e7\u00e3o - Cl\u00ednica Progredir\",\"isPartOf\":{\"@id\":\"https:\/\/www.clinicaprogredir.com.br\/#website\"},\"datePublished\":\"2024-05-23T12:51:02+00:00\",\"dateModified\":\"2024-05-23T14:45:33+00:00\",\"author\":{\"@id\":\"https:\/\/www.clinicaprogredir.com.br\/#\/schema\/person\/9b800bb3d93c54f7c09bc27cf913c155\"},\"breadcrumb\":{\"@id\":\"https:\/\/www.clinicaprogredir.com.br\/index.php\/2024\/05\/23\/noticias\/alan-fonteles-das-proteses-de-madeira-a-gloria\/#breadcrumb\"},\"inLanguage\":\"pt-BR\",\"potentialAction\":[{\"@type\":\"ReadAction\",\"target\":[\"https:\/\/www.clinicaprogredir.com.br\/index.php\/2024\/05\/23\/noticias\/alan-fonteles-das-proteses-de-madeira-a-gloria\/\"]}]},{\"@type\":\"BreadcrumbList\",\"@id\":\"https:\/\/www.clinicaprogredir.com.br\/index.php\/2024\/05\/23\/noticias\/alan-fonteles-das-proteses-de-madeira-a-gloria\/#breadcrumb\",\"itemListElement\":[{\"@type\":\"ListItem\",\"position\":1,\"name\":\"In\u00edcio\",\"item\":\"https:\/\/www.clinicaprogredir.com.br\/\"},{\"@type\":\"ListItem\",\"position\":2,\"name\":\"Alan Fonteles, das pr\u00f3teses de madeira \u00e0 gl\u00f3ria\"}]},{\"@type\":\"WebSite\",\"@id\":\"https:\/\/www.clinicaprogredir.com.br\/#website\",\"url\":\"https:\/\/www.clinicaprogredir.com.br\/\",\"name\":\"Progredir Fisioterapia e Reabilita\u00e7\u00e3o - Cl\u00ednica Progredir\",\"description\":\"A Progredir Fisioterapia e Reabilita\u00e7\u00e3o \u00e9 uma cl\u00ednica especializada que h\u00e1 mais de 15 anos trabalha na recupera\u00e7\u00e3o de pacientes neurol\u00f3gicos e ortop\u00e9dicos, fazendo com que seu tratamento ocorra sempre da forma mais simples e eficaz poss\u00edvel.\",\"potentialAction\":[{\"@type\":\"SearchAction\",\"target\":{\"@type\":\"EntryPoint\",\"urlTemplate\":\"https:\/\/www.clinicaprogredir.com.br\/?s={search_term_string}\"},\"query-input\":{\"@type\":\"PropertyValueSpecification\",\"valueRequired\":true,\"valueName\":\"search_term_string\"}}],\"inLanguage\":\"pt-BR\"},{\"@type\":\"Person\",\"@id\":\"https:\/\/www.clinicaprogredir.com.br\/#\/schema\/person\/9b800bb3d93c54f7c09bc27cf913c155\",\"name\":\"baloodesign\",\"sameAs\":[\"https:\/\/publicidadejundiai.com.br\/progredir\"],\"url\":\"https:\/\/www.clinicaprogredir.com.br\/index.php\/author\/baloodesign\/\"}]}<\/script>\n<!-- \/ Yoast SEO plugin. -->","yoast_head_json":{"title":"Alan Fonteles, das pr\u00f3teses de madeira \u00e0 gl\u00f3ria - Progredir Fisioterapia e Reabilita\u00e7\u00e3o - Cl\u00ednica Progredir","robots":{"index":"index","follow":"follow","max-snippet":"max-snippet:-1","max-image-preview":"max-image-preview:large","max-video-preview":"max-video-preview:-1"},"canonical":"https:\/\/www.clinicaprogredir.com.br\/index.php\/2024\/05\/23\/noticias\/alan-fonteles-das-proteses-de-madeira-a-gloria\/","og_locale":"pt_BR","og_type":"article","og_title":"Alan Fonteles, das pr\u00f3teses de madeira \u00e0 gl\u00f3ria - Progredir Fisioterapia e Reabilita\u00e7\u00e3o - Cl\u00ednica Progredir","og_description":"Campe\u00e3o Mundial e Paral\u00edmpico, talvez voc\u00ea n\u00e3o saiba, mas este \u00e9 Alan Fonteles Cardoso Oliveira, ou apenas Alan Fonteles. Corredor de atletismo brasileiro e campe\u00e3o Paral\u00edmpico e Parapan Americano.","og_url":"https:\/\/www.clinicaprogredir.com.br\/index.php\/2024\/05\/23\/noticias\/alan-fonteles-das-proteses-de-madeira-a-gloria\/","og_site_name":"Progredir Fisioterapia e Reabilita\u00e7\u00e3o - Cl\u00ednica Progredir","article_published_time":"2024-05-23T12:51:02+00:00","article_modified_time":"2024-05-23T14:45:33+00:00","author":"baloodesign","twitter_card":"summary_large_image","twitter_misc":{"Escrito por":"baloodesign","Est. tempo de leitura":"1 minuto"},"schema":{"@context":"https:\/\/schema.org","@graph":[{"@type":"WebPage","@id":"https:\/\/www.clinicaprogredir.com.br\/index.php\/2024\/05\/23\/noticias\/alan-fonteles-das-proteses-de-madeira-a-gloria\/","url":"https:\/\/www.clinicaprogredir.com.br\/index.php\/2024\/05\/23\/noticias\/alan-fonteles-das-proteses-de-madeira-a-gloria\/","name":"Alan Fonteles, das pr\u00f3teses de madeira \u00e0 gl\u00f3ria - Progredir Fisioterapia e Reabilita\u00e7\u00e3o - Cl\u00ednica Progredir","isPartOf":{"@id":"https:\/\/www.clinicaprogredir.com.br\/#website"},"datePublished":"2024-05-23T12:51:02+00:00","dateModified":"2024-05-23T14:45:33+00:00","author":{"@id":"https:\/\/www.clinicaprogredir.com.br\/#\/schema\/person\/9b800bb3d93c54f7c09bc27cf913c155"},"breadcrumb":{"@id":"https:\/\/www.clinicaprogredir.com.br\/index.php\/2024\/05\/23\/noticias\/alan-fonteles-das-proteses-de-madeira-a-gloria\/#breadcrumb"},"inLanguage":"pt-BR","potentialAction":[{"@type":"ReadAction","target":["https:\/\/www.clinicaprogredir.com.br\/index.php\/2024\/05\/23\/noticias\/alan-fonteles-das-proteses-de-madeira-a-gloria\/"]}]},{"@type":"BreadcrumbList","@id":"https:\/\/www.clinicaprogredir.com.br\/index.php\/2024\/05\/23\/noticias\/alan-fonteles-das-proteses-de-madeira-a-gloria\/#breadcrumb","itemListElement":[{"@type":"ListItem","position":1,"name":"In\u00edcio","item":"https:\/\/www.clinicaprogredir.com.br\/"},{"@type":"ListItem","position":2,"name":"Alan Fonteles, das pr\u00f3teses de madeira \u00e0 gl\u00f3ria"}]},{"@type":"WebSite","@id":"https:\/\/www.clinicaprogredir.com.br\/#website","url":"https:\/\/www.clinicaprogredir.com.br\/","name":"Progredir Fisioterapia e Reabilita\u00e7\u00e3o - Cl\u00ednica Progredir","description":"A Progredir Fisioterapia e Reabilita\u00e7\u00e3o \u00e9 uma cl\u00ednica especializada que h\u00e1 mais de 15 anos trabalha na recupera\u00e7\u00e3o de pacientes neurol\u00f3gicos e ortop\u00e9dicos, fazendo com que seu tratamento ocorra sempre da forma mais simples e eficaz poss\u00edvel.","potentialAction":[{"@type":"SearchAction","target":{"@type":"EntryPoint","urlTemplate":"https:\/\/www.clinicaprogredir.com.br\/?s={search_term_string}"},"query-input":{"@type":"PropertyValueSpecification","valueRequired":true,"valueName":"search_term_string"}}],"inLanguage":"pt-BR"},{"@type":"Person","@id":"https:\/\/www.clinicaprogredir.com.br\/#\/schema\/person\/9b800bb3d93c54f7c09bc27cf913c155","name":"baloodesign","sameAs":["https:\/\/publicidadejundiai.com.br\/progredir"],"url":"https:\/\/www.clinicaprogredir.com.br\/index.php\/author\/baloodesign\/"}]}},"_links":{"self":[{"href":"https:\/\/www.clinicaprogredir.com.br\/index.php\/wp-json\/wp\/v2\/posts\/2324","targetHints":{"allow":["GET"]}}],"collection":[{"href":"https:\/\/www.clinicaprogredir.com.br\/index.php\/wp-json\/wp\/v2\/posts"}],"about":[{"href":"https:\/\/www.clinicaprogredir.com.br\/index.php\/wp-json\/wp\/v2\/types\/post"}],"author":[{"embeddable":true,"href":"https:\/\/www.clinicaprogredir.com.br\/index.php\/wp-json\/wp\/v2\/users\/1"}],"replies":[{"embeddable":true,"href":"https:\/\/www.clinicaprogredir.com.br\/index.php\/wp-json\/wp\/v2\/comments?post=2324"}],"version-history":[{"count":1,"href":"https:\/\/www.clinicaprogredir.com.br\/index.php\/wp-json\/wp\/v2\/posts\/2324\/revisions"}],"predecessor-version":[{"id":2518,"href":"https:\/\/www.clinicaprogredir.com.br\/index.php\/wp-json\/wp\/v2\/posts\/2324\/revisions\/2518"}],"wp:attachment":[{"href":"https:\/\/www.clinicaprogredir.com.br\/index.php\/wp-json\/wp\/v2\/media?parent=2324"}],"wp:term":[{"taxonomy":"category","embeddable":true,"href":"https:\/\/www.clinicaprogredir.com.br\/index.php\/wp-json\/wp\/v2\/categories?post=2324"},{"taxonomy":"post_tag","embeddable":true,"href":"https:\/\/www.clinicaprogredir.com.br\/index.php\/wp-json\/wp\/v2\/tags?post=2324"}],"curies":[{"name":"wp","href":"https:\/\/api.w.org\/{rel}","templated":true}]}}