{"id":2349,"date":"2024-05-23T09:47:45","date_gmt":"2024-05-23T12:47:45","guid":{"rendered":"https:\/\/www.clinicaprogredir.com.br\/?p=2349"},"modified":"2024-05-23T11:47:57","modified_gmt":"2024-05-23T14:47:57","slug":"a-importancia-da-fisioterapia-neurologica-no-tratamento-de-alzheimer","status":"publish","type":"post","link":"https:\/\/www.clinicaprogredir.com.br\/index.php\/2024\/05\/23\/noticias\/a-importancia-da-fisioterapia-neurologica-no-tratamento-de-alzheimer\/","title":{"rendered":"A import\u00e2ncia da Fisioterapia Neurol\u00f3gica no tratamento de Alzheimer"},"content":{"rendered":"<p><span style=\"font-weight: 400;\">Tratar e prevenir transtornos do Sistema Nervoso s\u00e3o alguns dos benef\u00edcios da Fisioterapia Neurol\u00f3gica. Atrav\u00e9s de a\u00e7\u00f5es terap\u00eauticas, recupera o equil\u00edbrio, for\u00e7a e a coordena\u00e7\u00e3o motora de pacientes que sofrem com algumas doen\u00e7as, como o Mal de Alzheimer.\u00a0<\/span><\/p>\n<p><span style=\"font-weight: 400;\">A Doen\u00e7a de Alzheimer provoca a progressiva deteriora\u00e7\u00e3o das fun\u00e7\u00f5es cerebrais, causando perda de mem\u00f3ria, da linguagem e at\u00e9 a capacidade de cuidar de si pr\u00f3prio.<\/span><\/p>\n<p><span style=\"font-weight: 400;\">N\u00e3o h\u00e1 nenhuma causa espec\u00edfica para o Mal de Alzheimer, que atinge cerca de 10% das pessoas com mais de 65 anos.<\/span><\/p>\n<p><span style=\"font-weight: 400;\">Um dos primeiros est\u00e1gios da doen\u00e7a traz altera\u00e7\u00f5es na mem\u00f3ria e da personalidade do indiv\u00edduo. A perda da mem\u00f3ria \u00e9 realmente o primeiro sintoma mais evidente do Mal de Alzheimer e muitas pessoas ficam desorientadas e confusas j\u00e1 no in\u00edcio da doen\u00e7a. Nos est\u00e1gios mais avan\u00e7ados, at\u00e9 a locomo\u00e7\u00e3o fica prejudicada.\u00a0<\/span><\/p>\n<p><span style=\"font-weight: 400;\">Como essa doen\u00e7a n\u00e3o tem cura, \u00e9 preciso minimizar todos os sintomas. O profissional da fisioterapia neurol\u00f3gica, ou neurofuncional, como tamb\u00e9m \u00e9 conhecida, ajuda bastante o paciente em todos os est\u00e1gios da doen\u00e7a.<\/span><\/p>\n<p><span style=\"font-weight: 400;\">O tratamento deve ser sempre passado por um m\u00e9dico especialista. E a fisioterapia \u00e9 um complemento muito importante no tratamento de patologias neurol\u00f3gicas.<\/span><\/p>\n<p><span style=\"font-weight: 400;\">A terapia com exerc\u00edcios \u00e9 ben\u00e9fica em muitos sentidos, trazendo melhoras nos sintomas funcionais, motores e neuropsicol\u00f3gicos.<\/span><\/p>\n<p><span style=\"font-weight: 400;\">Como os pacientes com Mal de Alzheimer costumam apresentar dificuldades cognitivas e motoras, a fisioterapia neurol\u00f3gica auxilia nesse sentido. Quanto antes o tratamento come\u00e7ar, principalmente na fase inicial da doen\u00e7a, mais efetiva ser\u00e1 a terapia.<\/span><\/p>\n<p><b>Bem-estar com a fisioterapia<\/b><\/p>\n<p><span style=\"font-weight: 400;\">Recuperar a qualidade de vida do paciente \u00e9 o objetivo principal da Cl\u00ednica Progredir. Utilizan<\/span><span style=\"font-weight: 400;\">do os princ\u00edpios neurofisiol\u00f3gicos da facilita\u00e7\u00e3o neuromuscular proprioceptiva, os profissionais que atendem na fisioterapia neurol\u00f3gica est\u00e3o aptos a fazer os tratamentos baseados em exerc\u00edcios como alongamentos, de equil\u00edbrio, fortalecimento, terapias manuais e eletroestimula\u00e7\u00e3o.\u00a0<\/span><\/p>\n<p><span style=\"font-weight: 400;\">Os exerc\u00edcios ajudam a fornecer<\/span><span style=\"font-weight: 400;\"> est\u00edmulos para reorganizar as informa\u00e7\u00f5es que o c\u00e9rebro envia para o corpo, recuperando a movimenta\u00e7\u00e3o dos pacientes<\/span><\/p>\n<p><span style=\"font-weight: 400;\">A experi\u00eancia de um fisioterapeuta capacitado \u00e9 fundamental para que o tratamento seja feito de acordo com as necessidades de cada paciente.<\/span><\/p>\n<p><span style=\"font-weight: 400;\">Especialista em fisioterapia, a<strong> Cl\u00ednica Progredir<\/strong> tem as melhores solu\u00e7\u00f5es para quem busca recuperar o bem-estar e a sa\u00fade.<\/span><\/p>\n<p><span style=\"font-weight: 400;\">Entre em <a href=\"https:\/\/www.clinicaprogredir.com.br\/index.php\/2015\/04\/15\/contato\/\" target=\"_blank\" rel=\"noopener noreferrer\">contato<\/a><\/span><b>\u00a0<\/b><span style=\"font-weight: 400;\">com a Cl\u00ednica e saiba mais sobre os tratamentos e especialidades dispon\u00edveis.<\/span><\/p>\n","protected":false},"excerpt":{"rendered":"<p>Tratar e prevenir transtornos do Sistema Nervoso s\u00e3o alguns dos benef\u00edcios da Fisioterapia Neurol\u00f3gica. Atrav\u00e9s de a\u00e7\u00f5es terap\u00eauticas, recupera o equil\u00edbrio, for\u00e7a e a coordena\u00e7\u00e3o motora de pacientes que sofrem com algumas doen\u00e7as, como o Mal de Alzheimer.\u00a0 A Doen\u00e7a de Alzheimer provoca a progressiva deteriora\u00e7\u00e3o das fun\u00e7\u00f5es cerebrais, causando perda de mem\u00f3ria, da linguagem [&hellip;]<\/p>\n","protected":false},"author":1,"featured_media":0,"comment_status":"open","ping_status":"open","sticky":false,"template":"","format":"image","meta":{"inline_featured_image":false,"footnotes":""},"categories":[59],"tags":[],"class_list":["post-2349","post","type-post","status-publish","format-image","hentry","category-noticias","post_format-post-format-image"],"yoast_head":"<!-- This site is optimized with the Yoast SEO plugin v24.5 - https:\/\/yoast.com\/wordpress\/plugins\/seo\/ -->\n<title>A import\u00e2ncia da Fisioterapia Neurol\u00f3gica no tratamento de Alzheimer - Progredir Fisioterapia e Reabilita\u00e7\u00e3o - Cl\u00ednica Progredir<\/title>\n<meta name=\"robots\" content=\"index, follow, max-snippet:-1, max-image-preview:large, max-video-preview:-1\" \/>\n<link rel=\"canonical\" href=\"https:\/\/www.clinicaprogredir.com.br\/index.php\/2024\/05\/23\/noticias\/a-importancia-da-fisioterapia-neurologica-no-tratamento-de-alzheimer\/\" \/>\n<meta property=\"og:locale\" content=\"pt_BR\" \/>\n<meta property=\"og:type\" content=\"article\" \/>\n<meta property=\"og:title\" content=\"A import\u00e2ncia da Fisioterapia Neurol\u00f3gica no tratamento de Alzheimer - Progredir Fisioterapia e Reabilita\u00e7\u00e3o - Cl\u00ednica Progredir\" \/>\n<meta property=\"og:description\" content=\"Tratar e prevenir transtornos do Sistema Nervoso s\u00e3o alguns dos benef\u00edcios da Fisioterapia Neurol\u00f3gica. Atrav\u00e9s de a\u00e7\u00f5es terap\u00eauticas, recupera o equil\u00edbrio, for\u00e7a e a coordena\u00e7\u00e3o motora de pacientes que sofrem com algumas doen\u00e7as, como o Mal de Alzheimer.\u00a0 A Doen\u00e7a de Alzheimer provoca a progressiva deteriora\u00e7\u00e3o das fun\u00e7\u00f5es cerebrais, causando perda de mem\u00f3ria, da linguagem [&hellip;]\" \/>\n<meta property=\"og:url\" content=\"https:\/\/www.clinicaprogredir.com.br\/index.php\/2024\/05\/23\/noticias\/a-importancia-da-fisioterapia-neurologica-no-tratamento-de-alzheimer\/\" \/>\n<meta property=\"og:site_name\" content=\"Progredir Fisioterapia e Reabilita\u00e7\u00e3o - Cl\u00ednica Progredir\" \/>\n<meta property=\"article:published_time\" content=\"2024-05-23T12:47:45+00:00\" \/>\n<meta property=\"article:modified_time\" content=\"2024-05-23T14:47:57+00:00\" \/>\n<meta name=\"author\" content=\"baloodesign\" \/>\n<meta name=\"twitter:card\" content=\"summary_large_image\" \/>\n<meta name=\"twitter:label1\" content=\"Escrito por\" \/>\n\t<meta name=\"twitter:data1\" content=\"baloodesign\" \/>\n\t<meta name=\"twitter:label2\" content=\"Est. tempo de leitura\" \/>\n\t<meta name=\"twitter:data2\" content=\"2 minutos\" \/>\n<script type=\"application\/ld+json\" class=\"yoast-schema-graph\">{\"@context\":\"https:\/\/schema.org\",\"@graph\":[{\"@type\":\"WebPage\",\"@id\":\"https:\/\/www.clinicaprogredir.com.br\/index.php\/2024\/05\/23\/noticias\/a-importancia-da-fisioterapia-neurologica-no-tratamento-de-alzheimer\/\",\"url\":\"https:\/\/www.clinicaprogredir.com.br\/index.php\/2024\/05\/23\/noticias\/a-importancia-da-fisioterapia-neurologica-no-tratamento-de-alzheimer\/\",\"name\":\"A import\u00e2ncia da Fisioterapia Neurol\u00f3gica no tratamento de Alzheimer - Progredir Fisioterapia e Reabilita\u00e7\u00e3o - Cl\u00ednica Progredir\",\"isPartOf\":{\"@id\":\"https:\/\/www.clinicaprogredir.com.br\/#website\"},\"datePublished\":\"2024-05-23T12:47:45+00:00\",\"dateModified\":\"2024-05-23T14:47:57+00:00\",\"author\":{\"@id\":\"https:\/\/www.clinicaprogredir.com.br\/#\/schema\/person\/9b800bb3d93c54f7c09bc27cf913c155\"},\"breadcrumb\":{\"@id\":\"https:\/\/www.clinicaprogredir.com.br\/index.php\/2024\/05\/23\/noticias\/a-importancia-da-fisioterapia-neurologica-no-tratamento-de-alzheimer\/#breadcrumb\"},\"inLanguage\":\"pt-BR\",\"potentialAction\":[{\"@type\":\"ReadAction\",\"target\":[\"https:\/\/www.clinicaprogredir.com.br\/index.php\/2024\/05\/23\/noticias\/a-importancia-da-fisioterapia-neurologica-no-tratamento-de-alzheimer\/\"]}]},{\"@type\":\"BreadcrumbList\",\"@id\":\"https:\/\/www.clinicaprogredir.com.br\/index.php\/2024\/05\/23\/noticias\/a-importancia-da-fisioterapia-neurologica-no-tratamento-de-alzheimer\/#breadcrumb\",\"itemListElement\":[{\"@type\":\"ListItem\",\"position\":1,\"name\":\"In\u00edcio\",\"item\":\"https:\/\/www.clinicaprogredir.com.br\/\"},{\"@type\":\"ListItem\",\"position\":2,\"name\":\"A import\u00e2ncia da Fisioterapia Neurol\u00f3gica no tratamento de Alzheimer\"}]},{\"@type\":\"WebSite\",\"@id\":\"https:\/\/www.clinicaprogredir.com.br\/#website\",\"url\":\"https:\/\/www.clinicaprogredir.com.br\/\",\"name\":\"Progredir Fisioterapia e Reabilita\u00e7\u00e3o - Cl\u00ednica Progredir\",\"description\":\"A Progredir Fisioterapia e Reabilita\u00e7\u00e3o \u00e9 uma cl\u00ednica especializada que h\u00e1 mais de 15 anos trabalha na recupera\u00e7\u00e3o de pacientes neurol\u00f3gicos e ortop\u00e9dicos, fazendo com que seu tratamento ocorra sempre da forma mais simples e eficaz poss\u00edvel.\",\"potentialAction\":[{\"@type\":\"SearchAction\",\"target\":{\"@type\":\"EntryPoint\",\"urlTemplate\":\"https:\/\/www.clinicaprogredir.com.br\/?s={search_term_string}\"},\"query-input\":{\"@type\":\"PropertyValueSpecification\",\"valueRequired\":true,\"valueName\":\"search_term_string\"}}],\"inLanguage\":\"pt-BR\"},{\"@type\":\"Person\",\"@id\":\"https:\/\/www.clinicaprogredir.com.br\/#\/schema\/person\/9b800bb3d93c54f7c09bc27cf913c155\",\"name\":\"baloodesign\",\"sameAs\":[\"https:\/\/publicidadejundiai.com.br\/progredir\"],\"url\":\"https:\/\/www.clinicaprogredir.com.br\/index.php\/author\/baloodesign\/\"}]}<\/script>\n<!-- \/ Yoast SEO plugin. -->","yoast_head_json":{"title":"A import\u00e2ncia da Fisioterapia Neurol\u00f3gica no tratamento de Alzheimer - Progredir Fisioterapia e Reabilita\u00e7\u00e3o - Cl\u00ednica Progredir","robots":{"index":"index","follow":"follow","max-snippet":"max-snippet:-1","max-image-preview":"max-image-preview:large","max-video-preview":"max-video-preview:-1"},"canonical":"https:\/\/www.clinicaprogredir.com.br\/index.php\/2024\/05\/23\/noticias\/a-importancia-da-fisioterapia-neurologica-no-tratamento-de-alzheimer\/","og_locale":"pt_BR","og_type":"article","og_title":"A import\u00e2ncia da Fisioterapia Neurol\u00f3gica no tratamento de Alzheimer - Progredir Fisioterapia e Reabilita\u00e7\u00e3o - Cl\u00ednica Progredir","og_description":"Tratar e prevenir transtornos do Sistema Nervoso s\u00e3o alguns dos benef\u00edcios da Fisioterapia Neurol\u00f3gica. Atrav\u00e9s de a\u00e7\u00f5es terap\u00eauticas, recupera o equil\u00edbrio, for\u00e7a e a coordena\u00e7\u00e3o motora de pacientes que sofrem com algumas doen\u00e7as, como o Mal de Alzheimer.\u00a0 A Doen\u00e7a de Alzheimer provoca a progressiva deteriora\u00e7\u00e3o das fun\u00e7\u00f5es cerebrais, causando perda de mem\u00f3ria, da linguagem [&hellip;]","og_url":"https:\/\/www.clinicaprogredir.com.br\/index.php\/2024\/05\/23\/noticias\/a-importancia-da-fisioterapia-neurologica-no-tratamento-de-alzheimer\/","og_site_name":"Progredir Fisioterapia e Reabilita\u00e7\u00e3o - Cl\u00ednica Progredir","article_published_time":"2024-05-23T12:47:45+00:00","article_modified_time":"2024-05-23T14:47:57+00:00","author":"baloodesign","twitter_card":"summary_large_image","twitter_misc":{"Escrito por":"baloodesign","Est. tempo de leitura":"2 minutos"},"schema":{"@context":"https:\/\/schema.org","@graph":[{"@type":"WebPage","@id":"https:\/\/www.clinicaprogredir.com.br\/index.php\/2024\/05\/23\/noticias\/a-importancia-da-fisioterapia-neurologica-no-tratamento-de-alzheimer\/","url":"https:\/\/www.clinicaprogredir.com.br\/index.php\/2024\/05\/23\/noticias\/a-importancia-da-fisioterapia-neurologica-no-tratamento-de-alzheimer\/","name":"A import\u00e2ncia da Fisioterapia Neurol\u00f3gica no tratamento de Alzheimer - Progredir Fisioterapia e Reabilita\u00e7\u00e3o - Cl\u00ednica Progredir","isPartOf":{"@id":"https:\/\/www.clinicaprogredir.com.br\/#website"},"datePublished":"2024-05-23T12:47:45+00:00","dateModified":"2024-05-23T14:47:57+00:00","author":{"@id":"https:\/\/www.clinicaprogredir.com.br\/#\/schema\/person\/9b800bb3d93c54f7c09bc27cf913c155"},"breadcrumb":{"@id":"https:\/\/www.clinicaprogredir.com.br\/index.php\/2024\/05\/23\/noticias\/a-importancia-da-fisioterapia-neurologica-no-tratamento-de-alzheimer\/#breadcrumb"},"inLanguage":"pt-BR","potentialAction":[{"@type":"ReadAction","target":["https:\/\/www.clinicaprogredir.com.br\/index.php\/2024\/05\/23\/noticias\/a-importancia-da-fisioterapia-neurologica-no-tratamento-de-alzheimer\/"]}]},{"@type":"BreadcrumbList","@id":"https:\/\/www.clinicaprogredir.com.br\/index.php\/2024\/05\/23\/noticias\/a-importancia-da-fisioterapia-neurologica-no-tratamento-de-alzheimer\/#breadcrumb","itemListElement":[{"@type":"ListItem","position":1,"name":"In\u00edcio","item":"https:\/\/www.clinicaprogredir.com.br\/"},{"@type":"ListItem","position":2,"name":"A import\u00e2ncia da Fisioterapia Neurol\u00f3gica no tratamento de Alzheimer"}]},{"@type":"WebSite","@id":"https:\/\/www.clinicaprogredir.com.br\/#website","url":"https:\/\/www.clinicaprogredir.com.br\/","name":"Progredir Fisioterapia e Reabilita\u00e7\u00e3o - Cl\u00ednica Progredir","description":"A Progredir Fisioterapia e Reabilita\u00e7\u00e3o \u00e9 uma cl\u00ednica especializada que h\u00e1 mais de 15 anos trabalha na recupera\u00e7\u00e3o de pacientes neurol\u00f3gicos e ortop\u00e9dicos, fazendo com que seu tratamento ocorra sempre da forma mais simples e eficaz poss\u00edvel.","potentialAction":[{"@type":"SearchAction","target":{"@type":"EntryPoint","urlTemplate":"https:\/\/www.clinicaprogredir.com.br\/?s={search_term_string}"},"query-input":{"@type":"PropertyValueSpecification","valueRequired":true,"valueName":"search_term_string"}}],"inLanguage":"pt-BR"},{"@type":"Person","@id":"https:\/\/www.clinicaprogredir.com.br\/#\/schema\/person\/9b800bb3d93c54f7c09bc27cf913c155","name":"baloodesign","sameAs":["https:\/\/publicidadejundiai.com.br\/progredir"],"url":"https:\/\/www.clinicaprogredir.com.br\/index.php\/author\/baloodesign\/"}]}},"_links":{"self":[{"href":"https:\/\/www.clinicaprogredir.com.br\/index.php\/wp-json\/wp\/v2\/posts\/2349","targetHints":{"allow":["GET"]}}],"collection":[{"href":"https:\/\/www.clinicaprogredir.com.br\/index.php\/wp-json\/wp\/v2\/posts"}],"about":[{"href":"https:\/\/www.clinicaprogredir.com.br\/index.php\/wp-json\/wp\/v2\/types\/post"}],"author":[{"embeddable":true,"href":"https:\/\/www.clinicaprogredir.com.br\/index.php\/wp-json\/wp\/v2\/users\/1"}],"replies":[{"embeddable":true,"href":"https:\/\/www.clinicaprogredir.com.br\/index.php\/wp-json\/wp\/v2\/comments?post=2349"}],"version-history":[{"count":1,"href":"https:\/\/www.clinicaprogredir.com.br\/index.php\/wp-json\/wp\/v2\/posts\/2349\/revisions"}],"predecessor-version":[{"id":2434,"href":"https:\/\/www.clinicaprogredir.com.br\/index.php\/wp-json\/wp\/v2\/posts\/2349\/revisions\/2434"}],"wp:attachment":[{"href":"https:\/\/www.clinicaprogredir.com.br\/index.php\/wp-json\/wp\/v2\/media?parent=2349"}],"wp:term":[{"taxonomy":"category","embeddable":true,"href":"https:\/\/www.clinicaprogredir.com.br\/index.php\/wp-json\/wp\/v2\/categories?post=2349"},{"taxonomy":"post_tag","embeddable":true,"href":"https:\/\/www.clinicaprogredir.com.br\/index.php\/wp-json\/wp\/v2\/tags?post=2349"}],"curies":[{"name":"wp","href":"https:\/\/api.w.org\/{rel}","templated":true}]}}