{"id":2360,"date":"2024-05-23T09:47:45","date_gmt":"2024-05-23T12:47:45","guid":{"rendered":"https:\/\/www.clinicaprogredir.com.br\/?p=2360"},"modified":"2024-05-23T11:47:58","modified_gmt":"2024-05-23T14:47:58","slug":"a-contribuicao-da-fisioterapia-na-reabilitacao-de-pacientes-pos-covid","status":"publish","type":"post","link":"https:\/\/www.clinicaprogredir.com.br\/index.php\/2024\/05\/23\/noticias\/a-contribuicao-da-fisioterapia-na-reabilitacao-de-pacientes-pos-covid\/","title":{"rendered":"A contribui\u00e7\u00e3o da fisioterapia na reabilita\u00e7\u00e3o de pacientes p\u00f3s-covid"},"content":{"rendered":"<p><span style=\"font-weight: 400;\">A Covid-19 acarretou uma crise na sa\u00fade sem precedentes em n\u00edvel mundial, ocasionando altas taxas de interna\u00e7\u00e3o hospitalar e \u00f3bitos. O sistema respirat\u00f3rio \u00e9 o mais afetado e os sintomas podem ser variados dependendo de cada caso particular. Apesar da chegada das vacinas e de muitas pessoas se recuperarem da doen\u00e7a, para muitos a vida n\u00e3o volta ao \u201cnovo normal\u201d ap\u00f3s a supera\u00e7\u00e3o da fase aguda da Covid, especialmente para os que passaram por interna\u00e7\u00f5es na Unidade de Terapia Intensiva (UTI).<\/span><\/p>\n<p><span style=\"font-weight: 400;\">Sequelas como falta de ar, fadiga e fraqueza muscular, relatadas por muitos pacientes, diminuem a qualidade de vida e dificultam o retorno \u00e0s atividades di\u00e1rias. As diferentes especialidades da Fisioterapia oferecidas pela <\/span><b>Cl\u00ednica Progredir <\/b><span style=\"font-weight: 400;\">s\u00e3o \u00f3timas op\u00e7\u00f5es para tratar esses sintomas, aumentar o bem-estar do paciente e auxiliar na reabilita\u00e7\u00e3o das fun\u00e7\u00f5es acometidas, al\u00e9m de ter mais independ\u00eancia nas tarefas do dia a dia.<\/span><\/p>\n<h3><b>As sequelas p\u00f3s-covid<\/b><\/h3>\n<p><span style=\"font-weight: 400;\">As sequelas causadas pela Covid-19 ainda est\u00e3o sendo investigadas por especialistas em todo o mundo e podem ser de ordem f\u00edsica, cognitiva ou emocional. Entre as principais queixas observadas em pacientes em recupera\u00e7\u00e3o est\u00e3o fraqueza muscular, cansa\u00e7o, falta de ar, perda de peso, dificuldade para engolir e ansiedade.\u00a0<\/span><\/p>\n<p><span style=\"font-weight: 400;\">Portanto, ap\u00f3s a alta hospitalar e\/ou os exames estarem negativos para a presen\u00e7a do v\u00edrus no organismo, os pacientes que foram acometidos pelo Coronav\u00edrus precisam continuar com um acompanhamento profissional, de prefer\u00eancia com a equipe da <\/span><b>Cl\u00ednica Progredir <\/b><span style=\"font-weight: 400;\">para tra\u00e7ar um plano de reabilita\u00e7\u00e3o p\u00f3s-covid.<\/span><\/p>\n<h3><b>A Fisioterapia na reabilita\u00e7\u00e3o p\u00f3s-covid<\/b><\/h3>\n<p><span style=\"font-weight: 400;\">J\u00e1 \u00e9 consenso entre os especialistas que um programa de reabilita\u00e7\u00e3o \u00e9 a melhor recomenda\u00e7\u00e3o para pacientes que evolu\u00edram com limita\u00e7\u00f5es f\u00edsicas, cognitivas e\/ou ps\u00edquicas ap\u00f3s a Covid-19. Realizando uma avalia\u00e7\u00e3o pela equipe de especialistas da <\/span><b>Cl\u00ednica Progredir<\/b><span style=\"font-weight: 400;\">, \u00e9 tra\u00e7ado um planejamento terap\u00eautico e este \u00e9 encaminhado para o tratamento que melhor se adequa \u00e0s suas condi\u00e7\u00f5es de sa\u00fade.\u00a0<\/span><\/p>\n<p><span style=\"font-weight: 400;\">As diferentes especialidades de Fisioterapia s\u00e3o excelentes ferramentas para o plano de reabilita\u00e7\u00e3o. A <a href=\"https:\/\/www.clinicaprogredir.com.br\/?p=2362\">Fisioterapia Respirat\u00f3ria<\/a>, por exemplo, \u00e9 recomendada para diminuir a falta de ar, melhorar o condicionamento f\u00edsico e auxiliar no retorno \u00e0 vida.\u00a0<\/span><\/p>\n<p><span style=\"font-weight: 400;\">J\u00e1 a <a href=\"https:\/\/www.clinicaprogredir.com.br\/?p=2363\">Fisioterapia Motora<\/a> auxilia pacientes que ficaram com disfun\u00e7\u00f5es como fraqueza muscular e perda de peso. Com um programa de exerc\u00edcios personalizado pela Cl\u00ednica Progredir, o paciente consegue melhorar a mobilidade e a coordena\u00e7\u00e3o motora, recuperar a for\u00e7a muscular, ter mais independ\u00eancia nas atividades di\u00e1rias, entre outros benef\u00edcios.<\/span><\/p>\n<p><span style=\"font-weight: 400;\">Um protocolo de atendimento desenvolvido especificamente para o paciente, respeitando suas condi\u00e7\u00f5es de sa\u00fade e o est\u00e1gio da doen\u00e7a em que ele se encontra, ser\u00e1 um diferencial importante para que a pessoa retorne \u00e0s suas atividades di\u00e1rias com mais bem-estar, independ\u00eancia e qualidade de vida.<\/span><\/p>\n<h3><b>Os cuidados gerais p\u00f3s-covid<\/b><\/h3>\n<p><span style=\"font-weight: 400;\">As orienta\u00e7\u00f5es gerais para os cuidados ap\u00f3s a infec\u00e7\u00e3o envolvem tanto a sa\u00fade f\u00edsica quanto a mental. De maneira geral, a pandemia tem trazido impactos emocionais para todas as pessoas, mesmo para as que n\u00e3o foram afetadas diretamente pela doen\u00e7a. O medo de se contaminar e tamb\u00e9m de transmitir o v\u00edrus para os familiares, as incertezas em rela\u00e7\u00e3o ao futuro, a crise sanit\u00e1ria e econ\u00f4mica s\u00e3o situa\u00e7\u00f5es dif\u00edceis e que podem causar sofrimento psicol\u00f3gico.\u00a0<\/span><\/p>\n<p><span style=\"font-weight: 400;\">Sentimentos como tristeza e ang\u00fastia podem ser ainda mais intensos em pessoas que tiveram Covid-19 e passaram por uma interna\u00e7\u00e3o hospitalar. \u00c9 comum que os pacientes desenvolvam quadros de ansiedade e transtorno de estresse p\u00f3s-traum\u00e1tico (TEPT). Nesses casos, \u00e9 fundamental buscar uma ajuda profissional, que ir\u00e1 oferecer suporte psicol\u00f3gico, cuidado e acolhimento para as pessoas em sofrimento.<\/span><\/p>\n<p><span style=\"font-weight: 400;\">Em rela\u00e7\u00e3o \u00e0 sa\u00fade f\u00edsica, especialistas recomendam uma alimenta\u00e7\u00e3o saud\u00e1vel e balanceada, contemplando todos os grupos alimentares. Assim, o paciente estar\u00e1 bem nutrido e conseguir\u00e1 manter seu sistema imunol\u00f3gico em melhores condi\u00e7\u00f5es. A hidrata\u00e7\u00e3o tamb\u00e9m \u00e9 um ponto fundamental para uma boa recupera\u00e7\u00e3o.\u00a0<\/span><\/p>\n<p><span style=\"font-weight: 400;\">Al\u00e9m disso, a pr\u00e1tica de exerc\u00edcios f\u00edsicos regulares \u00e9 recomendada para melhorar a disposi\u00e7\u00e3o, for\u00e7a muscular e flexibilidade. Para saber quais exerc\u00edcios fazer e com que frequ\u00eancia, \u00e9 preciso levar em conta as limita\u00e7\u00f5es e necessidades de cada pessoa. Mais uma vez, o acompanhamento profissional da <\/span><b>Cl\u00ednica Progredir<\/b><span style=\"font-weight: 400;\"> se faz necess\u00e1rio para que os cuidados sejam adequados e possam garantir o melhor bem-estar ao paciente.<\/span><\/p>\n<h3><b>A import\u00e2ncia do plano de reabilita\u00e7\u00e3o p\u00f3s-covid<\/b><\/h3>\n<p><span style=\"font-weight: 400;\">Nos meses de novembro e dezembro de 2020, o SUS deu in\u00edcio ao projeto piloto \u201cReabilita\u00e7\u00e3o p\u00f3s-covid-19\u201d, coordenado pelo Hospital S\u00edrio Liban\u00eas. Nessa fase, foram realizadas visitas e encontros virtuais em cinco hospitais p\u00fablicos: Hospital Geral de Fortaleza, no Cear\u00e1; Hospital de Base, no Distrito Federal; Hospital Municipal de Contagem, em Minas Gerais; Hospital Geral de Palmas, em Tocantins; e Hospital Geral do Trabalhador, no Paran\u00e1.\u00a0<\/span><\/p>\n<p><span style=\"font-weight: 400;\">Tal projeto implementou a\u00e7\u00f5es com equipes multidisciplinares com o objetivo de proporcionar maior qualidade de vida aos pacientes, principalmente \u00e0queles que ficaram debilitados por serem acometidos pela Covid-19 e por outra doen\u00e7a cr\u00f4nica associada. Os resultados mostram que a reabilita\u00e7\u00e3o melhora em 26% a recupera\u00e7\u00e3o motora e funcional dos pacientes. Ademais, a qualidade dos servi\u00e7os oferecidos nos hospitais desde a interna\u00e7\u00e3o at\u00e9 a alta melhorou em 120% a experi\u00eancia dos usu\u00e1rios.<\/span><\/p>\n<p><span style=\"font-weight: 400;\">A \u201cReabilita\u00e7\u00e3o p\u00f3s-covid-19\u201d capacitou cerca de 250 profissionais nessa fase piloto e, segundo o planejamento do PROADI-SUS (Programa de Apoio ao Desenvolvimento Institucional do Sistema \u00danico de Sa\u00fade), o projeto deve continuar at\u00e9 2023. Para saber mais, veja esse <\/span><a href=\"https:\/\/youtu.be\/2DOp8qCJxrk\"><span style=\"font-weight: 400;\">v\u00eddeo<\/span><\/a><span style=\"font-weight: 400;\"> publicado pelo Minist\u00e9rio da Sa\u00fade.<\/span><\/p>\n<h3><b>A sua reabilita\u00e7\u00e3o p\u00f3s-covid em S\u00e3o Paulo<\/b><\/h3>\n<p><span style=\"font-weight: 400;\">Para realizar planos de reabilita\u00e7\u00e3o p\u00f3s-covid em S\u00e3o Paulo, conte com a experi\u00eancia e com os profissionais qualificados da <\/span><b>Cl\u00ednica Progredir<\/b><span style=\"font-weight: 400;\">. Oferecemos diversas especialidades de Fisioterapia, incluindo Neurol\u00f3gica, Respirat\u00f3ria, Ortop\u00e9dica, Esportiva e Geri\u00e1trica, bem como reeduca\u00e7\u00e3o postural global (RPG) e pilates. Atendemos adultos e tamb\u00e9m crian\u00e7as.<\/span><\/p>\n<p><span style=\"font-weight: 400;\">Nossos atendimentos continuam presenciais em nossa cl\u00ednica para que os pacientes n\u00e3o interrompam seus tratamentos. Estamos seguindo todos os protocolos para garantir a seguran\u00e7a de nossos pacientes e colaboradores. Por isso, coloque sua m\u00e1scara e venha tranquilo realizar seu tratamento na <\/span><b>Cl\u00ednica Progredir<\/b><span style=\"font-weight: 400;\">.<\/span><\/p>\n<p><span style=\"font-weight: 400;\">Para os pacientes que preferem continuar com os cuidados em casa, tamb\u00e9m temos a op\u00e7\u00e3o de <a href=\"https:\/\/www.clinicaprogredir.com.br\/?p=2365\">Fisioterapia domiciliar<\/a>, garantindo o conforto, a seguran\u00e7a e a continuidade do tratamento. Entre em contato com a <\/span><a href=\"http:\/\/www.clinicaprogredir.com.br\/\"><b>Cl\u00ednica Progredir<\/b><\/a><span style=\"font-weight: 400;\"> para descobrir como podemos ajudar voc\u00ea a ter mais sa\u00fade e qualidade de vida.<\/span><\/p>\n<p>\u00a0<\/p>\n<p><b>Cl\u00ednica Progredir<\/b><\/p>\n<p><span style=\"font-weight: 400;\">Endere\u00e7o: Avenida Portugal, 1629 &#8211; cj. 22\/23 &#8211; S\u00e3o Paulo &#8211; SP<\/span><\/p>\n<p><span style=\"font-weight: 400;\">Telefone: (11) 2619-8001<\/span><\/p>\n<p><span style=\"font-weight: 400;\">WhatsApp: (11) 99143-9969<\/span><\/p>\n","protected":false},"excerpt":{"rendered":"<p>A Covid-19 acarretou uma crise na sa\u00fade sem precedentes em n\u00edvel mundial, ocasionando altas taxas de interna\u00e7\u00e3o hospitalar e \u00f3bitos. O sistema respirat\u00f3rio \u00e9 o mais afetado e os sintomas podem ser variados dependendo de cada caso particular. Apesar da chegada das vacinas e de muitas pessoas se recuperarem da doen\u00e7a, para muitos a vida [&hellip;]<\/p>\n","protected":false},"author":1,"featured_media":0,"comment_status":"open","ping_status":"open","sticky":false,"template":"","format":"image","meta":{"inline_featured_image":false,"footnotes":""},"categories":[59],"tags":[],"class_list":["post-2360","post","type-post","status-publish","format-image","hentry","category-noticias","post_format-post-format-image"],"yoast_head":"<!-- This site is optimized with the Yoast SEO plugin v24.5 - https:\/\/yoast.com\/wordpress\/plugins\/seo\/ -->\n<title>A contribui\u00e7\u00e3o da fisioterapia na reabilita\u00e7\u00e3o de pacientes p\u00f3s-covid - Progredir Fisioterapia e Reabilita\u00e7\u00e3o - Cl\u00ednica Progredir<\/title>\n<meta name=\"robots\" content=\"index, follow, max-snippet:-1, max-image-preview:large, max-video-preview:-1\" \/>\n<link rel=\"canonical\" href=\"https:\/\/www.clinicaprogredir.com.br\/index.php\/2024\/05\/23\/noticias\/a-contribuicao-da-fisioterapia-na-reabilitacao-de-pacientes-pos-covid\/\" \/>\n<meta property=\"og:locale\" content=\"pt_BR\" \/>\n<meta property=\"og:type\" content=\"article\" \/>\n<meta property=\"og:title\" content=\"A contribui\u00e7\u00e3o da fisioterapia na reabilita\u00e7\u00e3o de pacientes p\u00f3s-covid - Progredir Fisioterapia e Reabilita\u00e7\u00e3o - Cl\u00ednica Progredir\" \/>\n<meta property=\"og:description\" content=\"A Covid-19 acarretou uma crise na sa\u00fade sem precedentes em n\u00edvel mundial, ocasionando altas taxas de interna\u00e7\u00e3o hospitalar e \u00f3bitos. O sistema respirat\u00f3rio \u00e9 o mais afetado e os sintomas podem ser variados dependendo de cada caso particular. Apesar da chegada das vacinas e de muitas pessoas se recuperarem da doen\u00e7a, para muitos a vida [&hellip;]\" \/>\n<meta property=\"og:url\" content=\"https:\/\/www.clinicaprogredir.com.br\/index.php\/2024\/05\/23\/noticias\/a-contribuicao-da-fisioterapia-na-reabilitacao-de-pacientes-pos-covid\/\" \/>\n<meta property=\"og:site_name\" content=\"Progredir Fisioterapia e Reabilita\u00e7\u00e3o - Cl\u00ednica Progredir\" \/>\n<meta property=\"article:published_time\" content=\"2024-05-23T12:47:45+00:00\" \/>\n<meta property=\"article:modified_time\" content=\"2024-05-23T14:47:58+00:00\" \/>\n<meta name=\"author\" content=\"baloodesign\" \/>\n<meta name=\"twitter:card\" content=\"summary_large_image\" \/>\n<meta name=\"twitter:label1\" content=\"Escrito por\" \/>\n\t<meta name=\"twitter:data1\" content=\"baloodesign\" \/>\n\t<meta name=\"twitter:label2\" content=\"Est. tempo de leitura\" \/>\n\t<meta name=\"twitter:data2\" content=\"6 minutos\" \/>\n<script type=\"application\/ld+json\" class=\"yoast-schema-graph\">{\"@context\":\"https:\/\/schema.org\",\"@graph\":[{\"@type\":\"WebPage\",\"@id\":\"https:\/\/www.clinicaprogredir.com.br\/index.php\/2024\/05\/23\/noticias\/a-contribuicao-da-fisioterapia-na-reabilitacao-de-pacientes-pos-covid\/\",\"url\":\"https:\/\/www.clinicaprogredir.com.br\/index.php\/2024\/05\/23\/noticias\/a-contribuicao-da-fisioterapia-na-reabilitacao-de-pacientes-pos-covid\/\",\"name\":\"A contribui\u00e7\u00e3o da fisioterapia na reabilita\u00e7\u00e3o de pacientes p\u00f3s-covid - Progredir Fisioterapia e Reabilita\u00e7\u00e3o - Cl\u00ednica Progredir\",\"isPartOf\":{\"@id\":\"https:\/\/www.clinicaprogredir.com.br\/#website\"},\"datePublished\":\"2024-05-23T12:47:45+00:00\",\"dateModified\":\"2024-05-23T14:47:58+00:00\",\"author\":{\"@id\":\"https:\/\/www.clinicaprogredir.com.br\/#\/schema\/person\/9b800bb3d93c54f7c09bc27cf913c155\"},\"breadcrumb\":{\"@id\":\"https:\/\/www.clinicaprogredir.com.br\/index.php\/2024\/05\/23\/noticias\/a-contribuicao-da-fisioterapia-na-reabilitacao-de-pacientes-pos-covid\/#breadcrumb\"},\"inLanguage\":\"pt-BR\",\"potentialAction\":[{\"@type\":\"ReadAction\",\"target\":[\"https:\/\/www.clinicaprogredir.com.br\/index.php\/2024\/05\/23\/noticias\/a-contribuicao-da-fisioterapia-na-reabilitacao-de-pacientes-pos-covid\/\"]}]},{\"@type\":\"BreadcrumbList\",\"@id\":\"https:\/\/www.clinicaprogredir.com.br\/index.php\/2024\/05\/23\/noticias\/a-contribuicao-da-fisioterapia-na-reabilitacao-de-pacientes-pos-covid\/#breadcrumb\",\"itemListElement\":[{\"@type\":\"ListItem\",\"position\":1,\"name\":\"In\u00edcio\",\"item\":\"https:\/\/www.clinicaprogredir.com.br\/\"},{\"@type\":\"ListItem\",\"position\":2,\"name\":\"A contribui\u00e7\u00e3o da fisioterapia na reabilita\u00e7\u00e3o de pacientes p\u00f3s-covid\"}]},{\"@type\":\"WebSite\",\"@id\":\"https:\/\/www.clinicaprogredir.com.br\/#website\",\"url\":\"https:\/\/www.clinicaprogredir.com.br\/\",\"name\":\"Progredir Fisioterapia e Reabilita\u00e7\u00e3o - Cl\u00ednica Progredir\",\"description\":\"A Progredir Fisioterapia e Reabilita\u00e7\u00e3o \u00e9 uma cl\u00ednica especializada que h\u00e1 mais de 15 anos trabalha na recupera\u00e7\u00e3o de pacientes neurol\u00f3gicos e ortop\u00e9dicos, fazendo com que seu tratamento ocorra sempre da forma mais simples e eficaz poss\u00edvel.\",\"potentialAction\":[{\"@type\":\"SearchAction\",\"target\":{\"@type\":\"EntryPoint\",\"urlTemplate\":\"https:\/\/www.clinicaprogredir.com.br\/?s={search_term_string}\"},\"query-input\":{\"@type\":\"PropertyValueSpecification\",\"valueRequired\":true,\"valueName\":\"search_term_string\"}}],\"inLanguage\":\"pt-BR\"},{\"@type\":\"Person\",\"@id\":\"https:\/\/www.clinicaprogredir.com.br\/#\/schema\/person\/9b800bb3d93c54f7c09bc27cf913c155\",\"name\":\"baloodesign\",\"sameAs\":[\"https:\/\/publicidadejundiai.com.br\/progredir\"],\"url\":\"https:\/\/www.clinicaprogredir.com.br\/index.php\/author\/baloodesign\/\"}]}<\/script>\n<!-- \/ Yoast SEO plugin. -->","yoast_head_json":{"title":"A contribui\u00e7\u00e3o da fisioterapia na reabilita\u00e7\u00e3o de pacientes p\u00f3s-covid - Progredir Fisioterapia e Reabilita\u00e7\u00e3o - Cl\u00ednica Progredir","robots":{"index":"index","follow":"follow","max-snippet":"max-snippet:-1","max-image-preview":"max-image-preview:large","max-video-preview":"max-video-preview:-1"},"canonical":"https:\/\/www.clinicaprogredir.com.br\/index.php\/2024\/05\/23\/noticias\/a-contribuicao-da-fisioterapia-na-reabilitacao-de-pacientes-pos-covid\/","og_locale":"pt_BR","og_type":"article","og_title":"A contribui\u00e7\u00e3o da fisioterapia na reabilita\u00e7\u00e3o de pacientes p\u00f3s-covid - Progredir Fisioterapia e Reabilita\u00e7\u00e3o - Cl\u00ednica Progredir","og_description":"A Covid-19 acarretou uma crise na sa\u00fade sem precedentes em n\u00edvel mundial, ocasionando altas taxas de interna\u00e7\u00e3o hospitalar e \u00f3bitos. O sistema respirat\u00f3rio \u00e9 o mais afetado e os sintomas podem ser variados dependendo de cada caso particular. Apesar da chegada das vacinas e de muitas pessoas se recuperarem da doen\u00e7a, para muitos a vida [&hellip;]","og_url":"https:\/\/www.clinicaprogredir.com.br\/index.php\/2024\/05\/23\/noticias\/a-contribuicao-da-fisioterapia-na-reabilitacao-de-pacientes-pos-covid\/","og_site_name":"Progredir Fisioterapia e Reabilita\u00e7\u00e3o - Cl\u00ednica Progredir","article_published_time":"2024-05-23T12:47:45+00:00","article_modified_time":"2024-05-23T14:47:58+00:00","author":"baloodesign","twitter_card":"summary_large_image","twitter_misc":{"Escrito por":"baloodesign","Est. tempo de leitura":"6 minutos"},"schema":{"@context":"https:\/\/schema.org","@graph":[{"@type":"WebPage","@id":"https:\/\/www.clinicaprogredir.com.br\/index.php\/2024\/05\/23\/noticias\/a-contribuicao-da-fisioterapia-na-reabilitacao-de-pacientes-pos-covid\/","url":"https:\/\/www.clinicaprogredir.com.br\/index.php\/2024\/05\/23\/noticias\/a-contribuicao-da-fisioterapia-na-reabilitacao-de-pacientes-pos-covid\/","name":"A contribui\u00e7\u00e3o da fisioterapia na reabilita\u00e7\u00e3o de pacientes p\u00f3s-covid - Progredir Fisioterapia e Reabilita\u00e7\u00e3o - Cl\u00ednica Progredir","isPartOf":{"@id":"https:\/\/www.clinicaprogredir.com.br\/#website"},"datePublished":"2024-05-23T12:47:45+00:00","dateModified":"2024-05-23T14:47:58+00:00","author":{"@id":"https:\/\/www.clinicaprogredir.com.br\/#\/schema\/person\/9b800bb3d93c54f7c09bc27cf913c155"},"breadcrumb":{"@id":"https:\/\/www.clinicaprogredir.com.br\/index.php\/2024\/05\/23\/noticias\/a-contribuicao-da-fisioterapia-na-reabilitacao-de-pacientes-pos-covid\/#breadcrumb"},"inLanguage":"pt-BR","potentialAction":[{"@type":"ReadAction","target":["https:\/\/www.clinicaprogredir.com.br\/index.php\/2024\/05\/23\/noticias\/a-contribuicao-da-fisioterapia-na-reabilitacao-de-pacientes-pos-covid\/"]}]},{"@type":"BreadcrumbList","@id":"https:\/\/www.clinicaprogredir.com.br\/index.php\/2024\/05\/23\/noticias\/a-contribuicao-da-fisioterapia-na-reabilitacao-de-pacientes-pos-covid\/#breadcrumb","itemListElement":[{"@type":"ListItem","position":1,"name":"In\u00edcio","item":"https:\/\/www.clinicaprogredir.com.br\/"},{"@type":"ListItem","position":2,"name":"A contribui\u00e7\u00e3o da fisioterapia na reabilita\u00e7\u00e3o de pacientes p\u00f3s-covid"}]},{"@type":"WebSite","@id":"https:\/\/www.clinicaprogredir.com.br\/#website","url":"https:\/\/www.clinicaprogredir.com.br\/","name":"Progredir Fisioterapia e Reabilita\u00e7\u00e3o - Cl\u00ednica Progredir","description":"A Progredir Fisioterapia e Reabilita\u00e7\u00e3o \u00e9 uma cl\u00ednica especializada que h\u00e1 mais de 15 anos trabalha na recupera\u00e7\u00e3o de pacientes neurol\u00f3gicos e ortop\u00e9dicos, fazendo com que seu tratamento ocorra sempre da forma mais simples e eficaz poss\u00edvel.","potentialAction":[{"@type":"SearchAction","target":{"@type":"EntryPoint","urlTemplate":"https:\/\/www.clinicaprogredir.com.br\/?s={search_term_string}"},"query-input":{"@type":"PropertyValueSpecification","valueRequired":true,"valueName":"search_term_string"}}],"inLanguage":"pt-BR"},{"@type":"Person","@id":"https:\/\/www.clinicaprogredir.com.br\/#\/schema\/person\/9b800bb3d93c54f7c09bc27cf913c155","name":"baloodesign","sameAs":["https:\/\/publicidadejundiai.com.br\/progredir"],"url":"https:\/\/www.clinicaprogredir.com.br\/index.php\/author\/baloodesign\/"}]}},"_links":{"self":[{"href":"https:\/\/www.clinicaprogredir.com.br\/index.php\/wp-json\/wp\/v2\/posts\/2360","targetHints":{"allow":["GET"]}}],"collection":[{"href":"https:\/\/www.clinicaprogredir.com.br\/index.php\/wp-json\/wp\/v2\/posts"}],"about":[{"href":"https:\/\/www.clinicaprogredir.com.br\/index.php\/wp-json\/wp\/v2\/types\/post"}],"author":[{"embeddable":true,"href":"https:\/\/www.clinicaprogredir.com.br\/index.php\/wp-json\/wp\/v2\/users\/1"}],"replies":[{"embeddable":true,"href":"https:\/\/www.clinicaprogredir.com.br\/index.php\/wp-json\/wp\/v2\/comments?post=2360"}],"version-history":[{"count":1,"href":"https:\/\/www.clinicaprogredir.com.br\/index.php\/wp-json\/wp\/v2\/posts\/2360\/revisions"}],"predecessor-version":[{"id":2437,"href":"https:\/\/www.clinicaprogredir.com.br\/index.php\/wp-json\/wp\/v2\/posts\/2360\/revisions\/2437"}],"wp:attachment":[{"href":"https:\/\/www.clinicaprogredir.com.br\/index.php\/wp-json\/wp\/v2\/media?parent=2360"}],"wp:term":[{"taxonomy":"category","embeddable":true,"href":"https:\/\/www.clinicaprogredir.com.br\/index.php\/wp-json\/wp\/v2\/categories?post=2360"},{"taxonomy":"post_tag","embeddable":true,"href":"https:\/\/www.clinicaprogredir.com.br\/index.php\/wp-json\/wp\/v2\/tags?post=2360"}],"curies":[{"name":"wp","href":"https:\/\/api.w.org\/{rel}","templated":true}]}}