{"id":2363,"date":"2024-05-23T09:47:44","date_gmt":"2024-05-23T12:47:44","guid":{"rendered":"https:\/\/www.clinicaprogredir.com.br\/?p=2363"},"modified":"2024-05-23T11:47:58","modified_gmt":"2024-05-23T14:47:58","slug":"os-beneficios-da-fisioterapia-motora-na-recuperacao-pos-covid","status":"publish","type":"post","link":"https:\/\/www.clinicaprogredir.com.br\/index.php\/2024\/05\/23\/noticias\/os-beneficios-da-fisioterapia-motora-na-recuperacao-pos-covid\/","title":{"rendered":"Os benef\u00edcios da Fisioterapia Motora na recupera\u00e7\u00e3o p\u00f3s-covid"},"content":{"rendered":"<p><span style=\"font-weight: 400;\">Desde o final de 2019, o Coronav\u00edrus tem transformado o cen\u00e1rio da sa\u00fade mundial, provocando a doen\u00e7a em milh\u00f5es de pessoas de todas as idades. O sistema respirat\u00f3rio \u00e9 o mais afetado por essa doen\u00e7a infecciosa, por\u00e9m os sintomas podem ser bem variados, por exemplo:<\/span><\/p>\n<ul>\n<li style=\"font-weight: 400;\"><span style=\"font-weight: 400;\">Sintomas mais comuns: febre, tosse seca, cansa\u00e7o;<\/span><\/li>\n<li style=\"font-weight: 400;\"><span style=\"font-weight: 400;\">Sintomas mais graves: falta de ar, dor no peito, perda de fala ou movimento;<\/span><\/li>\n<li style=\"font-weight: 400;\"><span style=\"font-weight: 400;\">Sintomas menos comuns: perda de olfato e paladar, desconforto f\u00edsico, dor de garganta, dor de cabe\u00e7a, diarreia.<\/span><\/li>\n<\/ul>\n<p><span style=\"font-weight: 400;\">Al\u00e9m desses sintomas na fase aguda da doen\u00e7a, muitos pacientes tamb\u00e9m apresentam sequelas p\u00f3s-covid. Para melhorar esse quadro cl\u00ednico, a Fisioterapia Motora \u00e9 uma excelente op\u00e7\u00e3o de tratamento para auxiliar na recupera\u00e7\u00e3o do paciente e promover mais independ\u00eancia nas atividades di\u00e1rias.<\/span><\/p>\n<h3><b>A reabilita\u00e7\u00e3o p\u00f3s-covid<\/b><\/h3>\n<p><span style=\"font-weight: 400;\">Nos casos mais graves de evolu\u00e7\u00e3o da doen\u00e7a, a interna\u00e7\u00e3o hospitalar se faz necess\u00e1ria. Muitos pacientes precisam permanecer na Unidade de Terapia Intensiva (UTI) e receber um suporte ventilat\u00f3rio maior atrav\u00e9s de respiradores mec\u00e2nicos. Em geral, nessa fase os hospitais j\u00e1 d\u00e3o in\u00edcio a tratamentos de fisioterapia e programas de reabilita\u00e7\u00e3o.\u00a0<\/span><\/p>\n<p><span style=\"font-weight: 400;\">Mesmo ap\u00f3s essa fase mais cr\u00edtica da doen\u00e7a ser superada, muitos pacientes apresentam sequelas persistentes, como cansa\u00e7o, fraqueza muscular, perda de peso e desnutri\u00e7\u00e3o. Por isso, \u00e9 fundamental que os pacientes continuem com acompanhamento profissional na <a href=\"https:\/\/www.clinicaprogredir.com.br\/?p=2360\">reabilita\u00e7\u00e3o p\u00f3s-covid<\/a> com os profissionais da <\/span><b>Cl\u00ednica Progredir<\/b><span style=\"font-weight: 400;\">.<\/span><\/p>\n<p><span style=\"font-weight: 400;\">O programa de recupera\u00e7\u00e3o das pessoas acometidas pela Covid-19 pode envolver diferentes \u00e1reas, como Fisioterapia, Nutri\u00e7\u00e3o e Psicologia, por exemplo. As orienta\u00e7\u00f5es gerais em rela\u00e7\u00e3o \u00e0 sa\u00fade f\u00edsica envolvem alimenta\u00e7\u00e3o balanceada e boa hidrata\u00e7\u00e3o, para que o paciente esteja bem nutrido e possa melhorar as condi\u00e7\u00f5es do seu sistema imunol\u00f3gico.\u00a0<\/span><\/p>\n<p><span style=\"font-weight: 400;\">A pr\u00e1tica regular de exerc\u00edcios f\u00edsicos tamb\u00e9m \u00e9 recomendada para melhorar a for\u00e7a, resist\u00eancia e flexibilidade. Por\u00e9m, \u00e9 indispens\u00e1vel avaliar com cautela quais s\u00e3o as condi\u00e7\u00f5es do paciente, como est\u00e3o suas funcionalidades e qual \u00e9 o n\u00edvel de esfor\u00e7o poss\u00edvel. <\/span><\/p>\n<p><span style=\"font-weight: 400;\">Um fisioterapeuta da <\/span><b>Cl\u00ednica Progredir<\/b><span style=\"font-weight: 400;\"> pode realizar essa avalia\u00e7\u00e3o, al\u00e9m de determinar o n\u00edvel de supervis\u00e3o necess\u00e1ria e a frequ\u00eancia recomendada para a pr\u00e1tica. Assim, o paciente ter\u00e1 em m\u00e3os um plano personalizado de recupera\u00e7\u00e3o.<\/span><\/p>\n<h3><b>Os benef\u00edcios da Fisioterapia Motora<\/b><\/h3>\n<p><span style=\"font-weight: 400;\">Como dissemos, alguns pacientes evoluem com limita\u00e7\u00f5es f\u00edsicas acarretadas pela Covid-19. Para melhorar quadros de fraqueza muscular, falta de condicionamento f\u00edsico, fadiga e dificuldade de retorno \u00e0s atividades di\u00e1rias, a Fisioterapia Motora \u00e9 uma excelente aliada. Um dos maiores benef\u00edcios desse tipo de tratamento \u00e9 devolver ao paciente mais independ\u00eancia funcional, como por exemplo como cuidar da higiene pessoal.\u00a0<\/span><\/p>\n<p><span style=\"font-weight: 400;\">Conforme o condicionamento f\u00edsico da pessoa atendida for melhorando, a intensidade e amplitude dos exerc\u00edcios tamb\u00e9m v\u00e3o aumentando. O plano de reabilita\u00e7\u00e3o vai sendo adaptado ao longo do tempo, estabelecendo novos objetivos e metas. <\/span><\/p>\n<p><span style=\"font-weight: 400;\">Os principais benef\u00edcios que podem ser alcan\u00e7ados com a Fisioterapia Motora s\u00e3o:<\/span><\/p>\n<ul>\n<li style=\"font-weight: 400;\"><span style=\"font-weight: 400;\">Reduzir a sensa\u00e7\u00e3o de fadiga e dispneia (falta de ar) durante atividades da vida di\u00e1ria;<\/span><\/li>\n<li style=\"font-weight: 400;\"><span style=\"font-weight: 400;\">Adaptar a realiza\u00e7\u00e3o de atividades dom\u00e9sticas e de cuidado pessoal;<\/span><\/li>\n<li style=\"font-weight: 400;\"><span style=\"font-weight: 400;\">Otimizar a mec\u00e2nica corporal;<\/span><\/li>\n<li style=\"font-weight: 400;\"><span style=\"font-weight: 400;\">Melhorar a mobilidade articular;<\/span><\/li>\n<li style=\"font-weight: 400;\"><span style=\"font-weight: 400;\">Recuperar o fortalecimento de membros inferiores e superiores;<\/span><\/li>\n<li style=\"font-weight: 400;\"><span style=\"font-weight: 400;\">Melhorar a capacidade cardiorrespirat\u00f3ria<\/span><\/li>\n<li style=\"font-weight: 400;\"><span style=\"font-weight: 400;\">Estimular a flexibilidade.<\/span><\/li>\n<\/ul>\n<p><span style=\"font-weight: 400;\">Al\u00e9m dessas vantagens para as funcionalidades f\u00edsicas e a qualidade de vida do paciente, a melhora na capacidade cardiorrespirat\u00f3ria tamb\u00e9m traz benef\u00edcios para o controle da press\u00e3o arterial, controle do perfil lip\u00eddico, sa\u00fade mental, imunidade e qualidade do sono.<\/span><\/p>\n<h3><b>Fisioterapia domiciliar ou na Cl\u00ednica Progredir<\/b><\/h3>\n<p><span style=\"font-weight: 400;\">O tratamento de Fisioterapia Motora \u00e9 recomendado desde os casos mais leves at\u00e9 os mais graves, podendo ser realizado de forma domiciliar. A intensidade dos exerc\u00edcios \u00e9 planejada conforme as condi\u00e7\u00f5es espec\u00edficas de sa\u00fade de cada paciente, come\u00e7ando com movimentos deitados e evoluindo para a posi\u00e7\u00e3o sentada ou em p\u00e9.\u00a0<\/span><\/p>\n<p><span style=\"font-weight: 400;\">A <\/span><b>Cl\u00ednica Progredir<\/b><span style=\"font-weight: 400;\"> oferece esse tipo de <a href=\"https:\/\/www.clinicaprogredir.com.br\/?p=2365\">fisioterapia domiciliar <\/a>para os pacientes com dificuldade de locomo\u00e7\u00e3o ou que preferem realizar o tratamento em casa por conta da pandemia e dos riscos de exposi\u00e7\u00e3o.\u00a0<\/span><\/p>\n<p><span style=\"font-weight: 400;\">Para os pacientes que quiserem e puderem se deslocar, nossa cl\u00ednica tamb\u00e9m oferece atendimento presencial em nossas salas totalmente equipadas para auxiliar na sua recupera\u00e7\u00e3o. Estamos seguindo todas as orienta\u00e7\u00f5es de seguran\u00e7a para evitar a propaga\u00e7\u00e3o do Coronav\u00edrus, como uso de m\u00e1scara, redu\u00e7\u00e3o do n\u00famero de pessoas na <\/span><b>Cl\u00ednica Progredir<\/b><span style=\"font-weight: 400;\"> e rotinas de desinfec\u00e7\u00e3o.<\/span><\/p>\n<p><span style=\"font-weight: 400;\">Com um programa adequado de reabilita\u00e7\u00e3o p\u00f3s-covid, os pacientes podem recuperar seu bem-estar e sua independ\u00eancia, melhorando sua sa\u00fade de forma global. Para isso, procure os profissionais especializados da <\/span><b>Cl\u00ednica Progredir<\/b><span style=\"font-weight: 400;\"> e mantenha a frequ\u00eancia do tratamento para alcan\u00e7ar todos os benef\u00edcios poss\u00edveis. <\/span><\/p>\n<p><span style=\"font-weight: 400;\">Para realizar sua recupera\u00e7\u00e3o p\u00f3s-covid na cidade de S\u00e3o Paulo, entre em contato com a <a href=\"http:\/\/www.clinicaprogredir.com.br\/\"><strong>Cl\u00ednica Progredir<\/strong>.<\/a><\/span><span style=\"font-weight: 400;\">\u00a0Contamos com fisioterapeutas qualificados para montar planos personalizados e ajudar os pacientes a recuperarem sua sa\u00fade.\u00a0<\/span><\/p>\n<p>\u00a0<\/p>\n<p><b>Cl\u00ednica Progredir<\/b><\/p>\n<p><span style=\"font-weight: 400;\">Endere\u00e7o: Avenida Portugal, 1629 &#8211; cj. 22\/23 &#8211; S\u00e3o Paulo &#8211; SP<\/span><\/p>\n<p><span style=\"font-weight: 400;\">Telefone: (11) 2619-8001<\/span><\/p>\n<p><span style=\"font-weight: 400;\">WhatsApp: (11) 99143-9969<\/span><\/p>\n","protected":false},"excerpt":{"rendered":"<p>Desde o final de 2019, o Coronav\u00edrus tem transformado o cen\u00e1rio da sa\u00fade mundial, provocando a doen\u00e7a em milh\u00f5es de pessoas de todas as idades. O sistema respirat\u00f3rio \u00e9 o mais afetado por essa doen\u00e7a infecciosa, por\u00e9m os sintomas podem ser bem variados, por exemplo: Sintomas mais comuns: febre, tosse seca, cansa\u00e7o; Sintomas mais graves: [&hellip;]<\/p>\n","protected":false},"author":1,"featured_media":0,"comment_status":"open","ping_status":"open","sticky":false,"template":"","format":"image","meta":{"inline_featured_image":false,"footnotes":""},"categories":[59],"tags":[],"class_list":["post-2363","post","type-post","status-publish","format-image","hentry","category-noticias","post_format-post-format-image"],"yoast_head":"<!-- This site is optimized with the Yoast SEO plugin v24.5 - https:\/\/yoast.com\/wordpress\/plugins\/seo\/ -->\n<title>Os benef\u00edcios da Fisioterapia Motora na recupera\u00e7\u00e3o p\u00f3s-covid - Progredir Fisioterapia e Reabilita\u00e7\u00e3o - Cl\u00ednica Progredir<\/title>\n<meta name=\"robots\" content=\"index, follow, max-snippet:-1, max-image-preview:large, max-video-preview:-1\" \/>\n<link rel=\"canonical\" href=\"https:\/\/www.clinicaprogredir.com.br\/index.php\/2024\/05\/23\/noticias\/os-beneficios-da-fisioterapia-motora-na-recuperacao-pos-covid\/\" \/>\n<meta property=\"og:locale\" content=\"pt_BR\" \/>\n<meta property=\"og:type\" content=\"article\" \/>\n<meta property=\"og:title\" content=\"Os benef\u00edcios da Fisioterapia Motora na recupera\u00e7\u00e3o p\u00f3s-covid - Progredir Fisioterapia e Reabilita\u00e7\u00e3o - Cl\u00ednica Progredir\" \/>\n<meta property=\"og:description\" content=\"Desde o final de 2019, o Coronav\u00edrus tem transformado o cen\u00e1rio da sa\u00fade mundial, provocando a doen\u00e7a em milh\u00f5es de pessoas de todas as idades. O sistema respirat\u00f3rio \u00e9 o mais afetado por essa doen\u00e7a infecciosa, por\u00e9m os sintomas podem ser bem variados, por exemplo: Sintomas mais comuns: febre, tosse seca, cansa\u00e7o; Sintomas mais graves: [&hellip;]\" \/>\n<meta property=\"og:url\" content=\"https:\/\/www.clinicaprogredir.com.br\/index.php\/2024\/05\/23\/noticias\/os-beneficios-da-fisioterapia-motora-na-recuperacao-pos-covid\/\" \/>\n<meta property=\"og:site_name\" content=\"Progredir Fisioterapia e Reabilita\u00e7\u00e3o - Cl\u00ednica Progredir\" \/>\n<meta property=\"article:published_time\" content=\"2024-05-23T12:47:44+00:00\" \/>\n<meta property=\"article:modified_time\" content=\"2024-05-23T14:47:58+00:00\" \/>\n<meta name=\"author\" content=\"baloodesign\" \/>\n<meta name=\"twitter:card\" content=\"summary_large_image\" \/>\n<meta name=\"twitter:label1\" content=\"Escrito por\" \/>\n\t<meta name=\"twitter:data1\" content=\"baloodesign\" \/>\n\t<meta name=\"twitter:label2\" content=\"Est. tempo de leitura\" \/>\n\t<meta name=\"twitter:data2\" content=\"5 minutos\" \/>\n<script type=\"application\/ld+json\" class=\"yoast-schema-graph\">{\"@context\":\"https:\/\/schema.org\",\"@graph\":[{\"@type\":\"WebPage\",\"@id\":\"https:\/\/www.clinicaprogredir.com.br\/index.php\/2024\/05\/23\/noticias\/os-beneficios-da-fisioterapia-motora-na-recuperacao-pos-covid\/\",\"url\":\"https:\/\/www.clinicaprogredir.com.br\/index.php\/2024\/05\/23\/noticias\/os-beneficios-da-fisioterapia-motora-na-recuperacao-pos-covid\/\",\"name\":\"Os benef\u00edcios da Fisioterapia Motora na recupera\u00e7\u00e3o p\u00f3s-covid - Progredir Fisioterapia e Reabilita\u00e7\u00e3o - Cl\u00ednica Progredir\",\"isPartOf\":{\"@id\":\"https:\/\/www.clinicaprogredir.com.br\/#website\"},\"datePublished\":\"2024-05-23T12:47:44+00:00\",\"dateModified\":\"2024-05-23T14:47:58+00:00\",\"author\":{\"@id\":\"https:\/\/www.clinicaprogredir.com.br\/#\/schema\/person\/9b800bb3d93c54f7c09bc27cf913c155\"},\"breadcrumb\":{\"@id\":\"https:\/\/www.clinicaprogredir.com.br\/index.php\/2024\/05\/23\/noticias\/os-beneficios-da-fisioterapia-motora-na-recuperacao-pos-covid\/#breadcrumb\"},\"inLanguage\":\"pt-BR\",\"potentialAction\":[{\"@type\":\"ReadAction\",\"target\":[\"https:\/\/www.clinicaprogredir.com.br\/index.php\/2024\/05\/23\/noticias\/os-beneficios-da-fisioterapia-motora-na-recuperacao-pos-covid\/\"]}]},{\"@type\":\"BreadcrumbList\",\"@id\":\"https:\/\/www.clinicaprogredir.com.br\/index.php\/2024\/05\/23\/noticias\/os-beneficios-da-fisioterapia-motora-na-recuperacao-pos-covid\/#breadcrumb\",\"itemListElement\":[{\"@type\":\"ListItem\",\"position\":1,\"name\":\"In\u00edcio\",\"item\":\"https:\/\/www.clinicaprogredir.com.br\/\"},{\"@type\":\"ListItem\",\"position\":2,\"name\":\"Os benef\u00edcios da Fisioterapia Motora na recupera\u00e7\u00e3o p\u00f3s-covid\"}]},{\"@type\":\"WebSite\",\"@id\":\"https:\/\/www.clinicaprogredir.com.br\/#website\",\"url\":\"https:\/\/www.clinicaprogredir.com.br\/\",\"name\":\"Progredir Fisioterapia e Reabilita\u00e7\u00e3o - Cl\u00ednica Progredir\",\"description\":\"A Progredir Fisioterapia e Reabilita\u00e7\u00e3o \u00e9 uma cl\u00ednica especializada que h\u00e1 mais de 15 anos trabalha na recupera\u00e7\u00e3o de pacientes neurol\u00f3gicos e ortop\u00e9dicos, fazendo com que seu tratamento ocorra sempre da forma mais simples e eficaz poss\u00edvel.\",\"potentialAction\":[{\"@type\":\"SearchAction\",\"target\":{\"@type\":\"EntryPoint\",\"urlTemplate\":\"https:\/\/www.clinicaprogredir.com.br\/?s={search_term_string}\"},\"query-input\":{\"@type\":\"PropertyValueSpecification\",\"valueRequired\":true,\"valueName\":\"search_term_string\"}}],\"inLanguage\":\"pt-BR\"},{\"@type\":\"Person\",\"@id\":\"https:\/\/www.clinicaprogredir.com.br\/#\/schema\/person\/9b800bb3d93c54f7c09bc27cf913c155\",\"name\":\"baloodesign\",\"sameAs\":[\"https:\/\/publicidadejundiai.com.br\/progredir\"],\"url\":\"https:\/\/www.clinicaprogredir.com.br\/index.php\/author\/baloodesign\/\"}]}<\/script>\n<!-- \/ Yoast SEO plugin. -->","yoast_head_json":{"title":"Os benef\u00edcios da Fisioterapia Motora na recupera\u00e7\u00e3o p\u00f3s-covid - Progredir Fisioterapia e Reabilita\u00e7\u00e3o - Cl\u00ednica Progredir","robots":{"index":"index","follow":"follow","max-snippet":"max-snippet:-1","max-image-preview":"max-image-preview:large","max-video-preview":"max-video-preview:-1"},"canonical":"https:\/\/www.clinicaprogredir.com.br\/index.php\/2024\/05\/23\/noticias\/os-beneficios-da-fisioterapia-motora-na-recuperacao-pos-covid\/","og_locale":"pt_BR","og_type":"article","og_title":"Os benef\u00edcios da Fisioterapia Motora na recupera\u00e7\u00e3o p\u00f3s-covid - Progredir Fisioterapia e Reabilita\u00e7\u00e3o - Cl\u00ednica Progredir","og_description":"Desde o final de 2019, o Coronav\u00edrus tem transformado o cen\u00e1rio da sa\u00fade mundial, provocando a doen\u00e7a em milh\u00f5es de pessoas de todas as idades. O sistema respirat\u00f3rio \u00e9 o mais afetado por essa doen\u00e7a infecciosa, por\u00e9m os sintomas podem ser bem variados, por exemplo: Sintomas mais comuns: febre, tosse seca, cansa\u00e7o; Sintomas mais graves: [&hellip;]","og_url":"https:\/\/www.clinicaprogredir.com.br\/index.php\/2024\/05\/23\/noticias\/os-beneficios-da-fisioterapia-motora-na-recuperacao-pos-covid\/","og_site_name":"Progredir Fisioterapia e Reabilita\u00e7\u00e3o - Cl\u00ednica Progredir","article_published_time":"2024-05-23T12:47:44+00:00","article_modified_time":"2024-05-23T14:47:58+00:00","author":"baloodesign","twitter_card":"summary_large_image","twitter_misc":{"Escrito por":"baloodesign","Est. tempo de leitura":"5 minutos"},"schema":{"@context":"https:\/\/schema.org","@graph":[{"@type":"WebPage","@id":"https:\/\/www.clinicaprogredir.com.br\/index.php\/2024\/05\/23\/noticias\/os-beneficios-da-fisioterapia-motora-na-recuperacao-pos-covid\/","url":"https:\/\/www.clinicaprogredir.com.br\/index.php\/2024\/05\/23\/noticias\/os-beneficios-da-fisioterapia-motora-na-recuperacao-pos-covid\/","name":"Os benef\u00edcios da Fisioterapia Motora na recupera\u00e7\u00e3o p\u00f3s-covid - Progredir Fisioterapia e Reabilita\u00e7\u00e3o - Cl\u00ednica Progredir","isPartOf":{"@id":"https:\/\/www.clinicaprogredir.com.br\/#website"},"datePublished":"2024-05-23T12:47:44+00:00","dateModified":"2024-05-23T14:47:58+00:00","author":{"@id":"https:\/\/www.clinicaprogredir.com.br\/#\/schema\/person\/9b800bb3d93c54f7c09bc27cf913c155"},"breadcrumb":{"@id":"https:\/\/www.clinicaprogredir.com.br\/index.php\/2024\/05\/23\/noticias\/os-beneficios-da-fisioterapia-motora-na-recuperacao-pos-covid\/#breadcrumb"},"inLanguage":"pt-BR","potentialAction":[{"@type":"ReadAction","target":["https:\/\/www.clinicaprogredir.com.br\/index.php\/2024\/05\/23\/noticias\/os-beneficios-da-fisioterapia-motora-na-recuperacao-pos-covid\/"]}]},{"@type":"BreadcrumbList","@id":"https:\/\/www.clinicaprogredir.com.br\/index.php\/2024\/05\/23\/noticias\/os-beneficios-da-fisioterapia-motora-na-recuperacao-pos-covid\/#breadcrumb","itemListElement":[{"@type":"ListItem","position":1,"name":"In\u00edcio","item":"https:\/\/www.clinicaprogredir.com.br\/"},{"@type":"ListItem","position":2,"name":"Os benef\u00edcios da Fisioterapia Motora na recupera\u00e7\u00e3o p\u00f3s-covid"}]},{"@type":"WebSite","@id":"https:\/\/www.clinicaprogredir.com.br\/#website","url":"https:\/\/www.clinicaprogredir.com.br\/","name":"Progredir Fisioterapia e Reabilita\u00e7\u00e3o - Cl\u00ednica Progredir","description":"A Progredir Fisioterapia e Reabilita\u00e7\u00e3o \u00e9 uma cl\u00ednica especializada que h\u00e1 mais de 15 anos trabalha na recupera\u00e7\u00e3o de pacientes neurol\u00f3gicos e ortop\u00e9dicos, fazendo com que seu tratamento ocorra sempre da forma mais simples e eficaz poss\u00edvel.","potentialAction":[{"@type":"SearchAction","target":{"@type":"EntryPoint","urlTemplate":"https:\/\/www.clinicaprogredir.com.br\/?s={search_term_string}"},"query-input":{"@type":"PropertyValueSpecification","valueRequired":true,"valueName":"search_term_string"}}],"inLanguage":"pt-BR"},{"@type":"Person","@id":"https:\/\/www.clinicaprogredir.com.br\/#\/schema\/person\/9b800bb3d93c54f7c09bc27cf913c155","name":"baloodesign","sameAs":["https:\/\/publicidadejundiai.com.br\/progredir"],"url":"https:\/\/www.clinicaprogredir.com.br\/index.php\/author\/baloodesign\/"}]}},"_links":{"self":[{"href":"https:\/\/www.clinicaprogredir.com.br\/index.php\/wp-json\/wp\/v2\/posts\/2363","targetHints":{"allow":["GET"]}}],"collection":[{"href":"https:\/\/www.clinicaprogredir.com.br\/index.php\/wp-json\/wp\/v2\/posts"}],"about":[{"href":"https:\/\/www.clinicaprogredir.com.br\/index.php\/wp-json\/wp\/v2\/types\/post"}],"author":[{"embeddable":true,"href":"https:\/\/www.clinicaprogredir.com.br\/index.php\/wp-json\/wp\/v2\/users\/1"}],"replies":[{"embeddable":true,"href":"https:\/\/www.clinicaprogredir.com.br\/index.php\/wp-json\/wp\/v2\/comments?post=2363"}],"version-history":[{"count":1,"href":"https:\/\/www.clinicaprogredir.com.br\/index.php\/wp-json\/wp\/v2\/posts\/2363\/revisions"}],"predecessor-version":[{"id":2439,"href":"https:\/\/www.clinicaprogredir.com.br\/index.php\/wp-json\/wp\/v2\/posts\/2363\/revisions\/2439"}],"wp:attachment":[{"href":"https:\/\/www.clinicaprogredir.com.br\/index.php\/wp-json\/wp\/v2\/media?parent=2363"}],"wp:term":[{"taxonomy":"category","embeddable":true,"href":"https:\/\/www.clinicaprogredir.com.br\/index.php\/wp-json\/wp\/v2\/categories?post=2363"},{"taxonomy":"post_tag","embeddable":true,"href":"https:\/\/www.clinicaprogredir.com.br\/index.php\/wp-json\/wp\/v2\/tags?post=2363"}],"curies":[{"name":"wp","href":"https:\/\/api.w.org\/{rel}","templated":true}]}}