{"id":2365,"date":"2024-05-23T09:47:44","date_gmt":"2024-05-23T12:47:44","guid":{"rendered":"https:\/\/www.clinicaprogredir.com.br\/?p=2365"},"modified":"2024-05-23T11:48:18","modified_gmt":"2024-05-23T14:48:18","slug":"tratamento-domiciliar-para-a-covid-19","status":"publish","type":"post","link":"https:\/\/www.clinicaprogredir.com.br\/index.php\/2024\/05\/23\/noticias\/tratamento-domiciliar-para-a-covid-19\/","title":{"rendered":"Tratamento domiciliar para a Covid-19"},"content":{"rendered":"<p><span style=\"font-weight: 400;\">A pandemia do Coronav\u00edrus tem representado grandes desafios de sa\u00fade p\u00fablica para o mundo, n\u00e3o s\u00f3 pelo grande n\u00famero de interna\u00e7\u00f5es e \u00f3bitos, mas tamb\u00e9m pelas informa\u00e7\u00f5es sobre a doen\u00e7a serem muito novas. Especialistas ainda buscam entender com mais clareza quais s\u00e3o as formas de transmiss\u00e3o, os sintomas e os tratamentos mais adequados.<\/span><\/p>\n<p><span style=\"font-weight: 400;\">Casos mais graves, com dificuldade de respirar e dores no peito, necessitam de interna\u00e7\u00e3o hospitalar, enquanto os casos mais leves podem ser tratados em casa. Nos dois casos, o tratamento p\u00f3s-covid \u00e9 fundamental para que as pessoas em recupera\u00e7\u00e3o reduzam as sequelas e aumentem sua qualidade de vida.\u00a0<\/span><\/p>\n<p><span style=\"font-weight: 400;\">A Fisioterapia \u00e9 uma das principais formas de melhorar o condicionamento f\u00edsico, fortalecer a musculatura e conseguir mais autonomia nas atividades do dia a dia. Esse tipo de tratamento n\u00e3o tem contraindica\u00e7\u00e3o e pode ser realizado tanto na <\/span><b>Cl\u00ednica Progredir<\/b><span style=\"font-weight: 400;\"> quanto na casa do paciente.<\/span><\/p>\n<h3><b>Fisioterapia domiciliar p\u00f3s-covid<\/b><\/h3>\n<p><span style=\"font-weight: 400;\">Os diferentes tipos de Fisioterapia podem come\u00e7ar em casa com um n\u00edvel leve e ir aumentando a dificuldade conforme a evolu\u00e7\u00e3o do paciente. Os exerc\u00edcios podem ser feitos deitados, sentados ou em p\u00e9, utilizando equipamentos simples.\u00a0<\/span><\/p>\n<p><span style=\"font-weight: 400;\">Por isso, \u00e9 poss\u00edvel realizar a fisioterapia domiciliar junto com a <\/span><b>Cl\u00ednica Progredir<\/b><span style=\"font-weight: 400;\"> e come\u00e7ar o processo de reabilita\u00e7\u00e3o o quanto antes. Para isso, nossos profissionais est\u00e3o seguindo todos os protocolos para garantir a seguran\u00e7a de pacientes e colaboradores.<\/span><\/p>\n<h3><b>Como receber um fisioterapeuta em casa durante a pandemia?<\/b><\/h3>\n<p><span style=\"font-weight: 400;\">Para que o tratamento domiciliar aconte\u00e7a com seguran\u00e7a durante a pandemia de Coronav\u00edrus, \u00e9 preciso tomar alguns cuidados especiais. O primeiro e mais importante \u00e9 utilizar m\u00e1scara de maneira correta, cobrindo o nariz e a boca.<\/span><\/p>\n<p><span style=\"font-weight: 400;\">Para fazer a Fisioterapia domiciliar, escolha um c\u00f4modo confort\u00e1vel e tranquilo da sua casa, com espa\u00e7o para realizar os exerc\u00edcios. Deixe a porta e as janelas abertas para aumentar a ventila\u00e7\u00e3o, deixando o ambiente mais seguro contra o Coronav\u00edrus.<\/span><\/p>\n<p><span style=\"font-weight: 400;\">Quando o fisioterapeuta da <\/span><b>Cl\u00ednica Progredir<\/b><span style=\"font-weight: 400;\"> chegar ao seu domic\u00edlio, ele vai higienizar bem as m\u00e3os e utilizar \u00e1lcool gel com frequ\u00eancia. Quando seu atendimento encerrar, lave suas m\u00e3os e higienize objetos compartilhados com \u00e1lcool 70\u00b0, como ma\u00e7anetas e torneiras.<\/span><\/p>\n<h3><b>Import\u00e2ncia da Fisioterapia na recupera\u00e7\u00e3o p\u00f3s-covid<\/b><\/h3>\n<p><span style=\"font-weight: 400;\">A recupera\u00e7\u00e3o da sa\u00fade f\u00edsica de pacientes p\u00f3s-covid pode ser potencializada com tratamentos de Fisioterapia. Para saber as principais informa\u00e7\u00f5es sobre sequelas p\u00f3s-covid, planos de reabilita\u00e7\u00e3o e benef\u00edcios da Fisioterapia, confira nossa <a href=\"https:\/\/www.clinicaprogredir.com.br\/?p=2360\">mat\u00e9ria especial<\/a> no blog da <\/span><b>Cl\u00ednica Progredir<\/b><span style=\"font-weight: 400;\">.\u00a0<\/span><\/p>\n<p><span style=\"font-weight: 400;\">A <a href=\"https:\/\/www.clinicaprogredir.com.br\/?p=2362\">Fisioterapia Respirat\u00f3ria <\/a>\u00e9 recomendada para pessoas que apresentam falta de ar (dispneia), condicionamento f\u00edsico debilitado e\/ou pneumopatias cr\u00f4nicas. Esse tipo de tratamento pode oferecer maior bem-estar, melhorar as funcionalidades, contribuir para o paciente ter mais independ\u00eancia em atividades di\u00e1rias e auxiliar com o retorno \u00e0 vida produtiva.<\/span><\/p>\n<p><span style=\"font-weight: 400;\">Quando as queixas mais frequentes s\u00e3o fraqueza muscular, falta de condicionamento f\u00edsico, fadiga e dificuldade de retorno \u00e0s atividades di\u00e1rias, a <a href=\"https:\/\/www.clinicaprogredir.com.br\/?p=2363\">Fisioterapia Motora<\/a> \u00e9 uma excelente aliada. Um dos maiores benef\u00edcios desse tipo de tratamento \u00e9 devolver ao paciente mais independ\u00eancia para realizar atividades, como cuidar da higiene pessoal, arrumar a cama, guardar objetos e carregar peso.\u00a0<\/span><\/p>\n<p><span style=\"font-weight: 400;\">O programa mais adequado de exerc\u00edcios, o n\u00edvel de esfor\u00e7o e o n\u00edvel de supervis\u00e3o ser\u00e3o determinados pelo fisioterapeuta da <\/span><b>Cl\u00ednica Progredir <\/b><span style=\"font-weight: 400;\">que elaborar o plano de reabilita\u00e7\u00e3o. Manter a frequ\u00eancia do tratamento tamb\u00e9m \u00e9 um elemento fundamental para alcan\u00e7ar bons resultados.\u00a0<\/span><\/p>\n<h3><b>Import\u00e2ncia da reabilita\u00e7\u00e3o p\u00f3s-covid<\/b><\/h3>\n<p><span style=\"font-weight: 400;\">Mesmo em casos leves da doen\u00e7a, \u00e9 comum que o paciente apresente sequelas p\u00f3s-covid, como fadiga e perda de peso. Nos pacientes em que a Covid-19 se desenvolveu de maneira mais agressiva, outras disfuncionalidades podem permanecer, como a falta de ar, dificuldade para engolir, fraqueza muscular e transtorno de estresse p\u00f3s-traum\u00e1tico (TEPT).<\/span><\/p>\n<p><span style=\"font-weight: 400;\">A melhor maneira de lidar com essas sequelas e recuperar a qualidade de vida \u00e9 realizar um <a href=\"https:\/\/www.clinicaprogredir.com.br\/?p=2360\">programa de reabilita\u00e7\u00e3o p\u00f3s-covid <\/a>com profissionais especializados. Cada paciente tem suas necessidades, por isso ele deve ser avaliado de forma personalizada e englobando todos os aspectos da sua sa\u00fade.\u00a0<\/span><\/p>\n<p><span style=\"font-weight: 400;\">Segundo dados divulgados pelo Minist\u00e9rio da Sa\u00fade, em projeto piloto do SUS executado pelo Hospital S\u00edrio Liban\u00eas, a reabilita\u00e7\u00e3o melhora em 26% a recupera\u00e7\u00e3o motora e funcional de pessoas que tiveram Covid-19. Portanto, \u00e9 de grande import\u00e2ncia que os pacientes procurem acompanhamento profissional da <\/span><b>Cl\u00ednica Progredir<\/b><span style=\"font-weight: 400;\"> logo ap\u00f3s a alta hospitalar e\/ou terem exames negativos para o Coronav\u00edrus.<\/span><\/p>\n<p><span style=\"font-weight: 400;\">Seguindo as orienta\u00e7\u00f5es m\u00e9dicas e realizando um plano de reabilita\u00e7\u00e3o p\u00f3s-covid, o paciente em recupera\u00e7\u00e3o ir\u00e1 reduzir sintomas de falta de ar, fortalecer a musculatura, melhorar a mobilidade, ganhar mais independ\u00eancia nas atividades di\u00e1rias e se sentir mais preparado para voltar \u00e0 vida produtiva.<\/span><\/p>\n<h3><b>Cuidados durante a infec\u00e7\u00e3o de Covid-19<\/b><\/h3>\n<p><span style=\"font-weight: 400;\">\u00c9 indispens\u00e1vel que as pessoas acometidas pela Covid-19 procurem atendimento m\u00e9dico e sejam acompanhadas ao longo do desenvolvimento do seu quadro. A telemedicina \u00e9 uma boa alternativa para que pacientes com sintomas leves n\u00e3o precisem se expor em hospitais e sobrecarregar ainda mais o sistema de sa\u00fade.\u00a0<\/span><\/p>\n<p><span style=\"font-weight: 400;\">Algumas orienta\u00e7\u00f5es gerais devem ser seguidas por todos os pacientes que realizam seu tratamento em casa. A principal delas \u00e9 manter o isolamento social. O Coronav\u00edrus pode ser transmitido por at\u00e9 14 dias ap\u00f3s os primeiros sintomas, portanto, para conter a propaga\u00e7\u00e3o e n\u00e3o contaminar outras pessoas, \u00e9 fundamental que as pessoas infectadas fiquem em isolamento domiciliar durante esse per\u00edodo.\u00a0<\/span><\/p>\n<p><span style=\"font-weight: 400;\">Outras medidas de seguran\u00e7a e cuidado que devem ser tomadas s\u00e3o:<\/span><\/p>\n<ul>\n<li style=\"font-weight: 400;\"><span style=\"font-weight: 400;\">Se poss\u00edvel, os pacientes devem ter um dormit\u00f3rio e um banheiro pr\u00f3prios;<\/span><\/li>\n<li style=\"font-weight: 400;\"><span style=\"font-weight: 400;\">As pessoas infectadas devem usar m\u00e1scara cobrindo o nariz e a boca, al\u00e9m de manterem uma dist\u00e2ncia dos demais moradores da casa;<\/span><\/li>\n<li style=\"font-weight: 400;\"><span style=\"font-weight: 400;\">Os c\u00f4modos devem ficar com as janelas abertas para manter uma boa ventila\u00e7\u00e3o;<\/span><\/li>\n<li style=\"font-weight: 400;\"><span style=\"font-weight: 400;\">Talheres, copos, toalhas e roupas de cama n\u00e3o devem ser compartilhados;<\/span><\/li>\n<li style=\"font-weight: 400;\"><span style=\"font-weight: 400;\">A limpeza da casa deve ser frequente, feita com \u00e1lcool 70\u00b0, \u00e1gua e sab\u00e3o.<\/span><\/li>\n<\/ul>\n<p><span style=\"font-weight: 400;\">Em rela\u00e7\u00e3o \u00e0 alimenta\u00e7\u00e3o, n\u00e3o existe um alimento que sozinho possa aumentar a imunidade. O recomendado \u00e9 que as pessoas mantenham uma alimenta\u00e7\u00e3o balanceada e diversificada para garantir uma boa nutri\u00e7\u00e3o e, consequentemente, uma melhor imunidade.\u00a0<\/span><\/p>\n<p><span style=\"font-weight: 400;\">A hidrata\u00e7\u00e3o tamb\u00e9m deve receber aten\u00e7\u00e3o nesse per\u00edodo, principalmente se o paciente apresentar v\u00f4mito e diarreia. Al\u00e9m da \u00e1gua, tamb\u00e9m \u00e9 v\u00e1lido tomar ch\u00e1s, sucos naturais e \u00e1gua de coco para se manter hidratado.<\/span><\/p>\n<h3><b>Fisioterapia p\u00f3s-covid em S\u00e3o Paulo<\/b><\/h3>\n<p><span style=\"font-weight: 400;\">Para elaborar seu plano de reabilita\u00e7\u00e3o p\u00f3s-covid, entre em contato com a <\/span><b>Cl\u00ednica Progredir<\/b><span style=\"font-weight: 400;\">. H\u00e1 mais de 15 anos no mercado, a Cl\u00ednica Progredir possui profissionais especializados em diversas \u00e1reas, incluindo Fisioterapia Respirat\u00f3ria e Motora.<\/span><\/p>\n<p><span style=\"font-weight: 400;\">Continuamos com os atendimentos presenciais em S\u00e3o Paulo, seguindo todos os protocolos de seguran\u00e7a para evitar o cont\u00e1gio do Coronav\u00edrus. Al\u00e9m disso, tamb\u00e9m oferecemos tratamentos domiciliares para que nossos pacientes continuem seu tratamento com conforto e seguran\u00e7a.<\/span><\/p>\n<p><span style=\"font-weight: 400;\">Uma outra op\u00e7\u00e3o que oferecemos, caso a pessoa n\u00e3o esteja se sentindo \u00e0 vontade em frequentar a cl\u00ednica nem receber nossos profissionais durante a pandemia, \u00e9 o atendimento online, atrav\u00e9s de v\u00eddeos ao vivo em hor\u00e1rios agendados.<\/span><\/p>\n<p><span style=\"font-weight: 400;\">Contate os profissionais da <\/span><a href=\"http:\/\/www.clinicaprogredir.com.br\/\"><b>Cl\u00ednica Progredir<\/b><\/a><span style=\"font-weight: 400;\"> para saber como podemos auxili\u00e1-lo a alcan\u00e7ar mais sa\u00fade e mais qualidade de vida.<\/span><\/p>\n<p>\u00a0<\/p>\n<p><b>Cl\u00ednica Progredir<\/b><\/p>\n<p><span style=\"font-weight: 400;\">Endere\u00e7o: Avenida Portugal, 1629 &#8211; cj. 22\/23 &#8211; S\u00e3o Paulo &#8211; SP<\/span><\/p>\n<p><span style=\"font-weight: 400;\">Telefone: (11) 2619-8001<\/span><\/p>\n<p><span style=\"font-weight: 400;\">WhatsApp: (11) 99143-9969<\/span><\/p>\n","protected":false},"excerpt":{"rendered":"<p>A pandemia do Coronav\u00edrus tem representado grandes desafios de sa\u00fade p\u00fablica para o mundo, n\u00e3o s\u00f3 pelo grande n\u00famero de interna\u00e7\u00f5es e \u00f3bitos, mas tamb\u00e9m pelas informa\u00e7\u00f5es sobre a doen\u00e7a serem muito novas. Especialistas ainda buscam entender com mais clareza quais s\u00e3o as formas de transmiss\u00e3o, os sintomas e os tratamentos mais adequados. Casos mais [&hellip;]<\/p>\n","protected":false},"author":1,"featured_media":0,"comment_status":"open","ping_status":"open","sticky":false,"template":"","format":"image","meta":{"inline_featured_image":false,"footnotes":""},"categories":[59],"tags":[],"class_list":["post-2365","post","type-post","status-publish","format-image","hentry","category-noticias","post_format-post-format-image"],"yoast_head":"<!-- This site is optimized with the Yoast SEO plugin v24.5 - https:\/\/yoast.com\/wordpress\/plugins\/seo\/ -->\n<title>Tratamento domiciliar para a Covid-19 - Progredir Fisioterapia e Reabilita\u00e7\u00e3o - Cl\u00ednica Progredir<\/title>\n<meta name=\"robots\" content=\"index, follow, max-snippet:-1, max-image-preview:large, max-video-preview:-1\" \/>\n<link rel=\"canonical\" href=\"https:\/\/www.clinicaprogredir.com.br\/index.php\/2024\/05\/23\/noticias\/tratamento-domiciliar-para-a-covid-19\/\" \/>\n<meta property=\"og:locale\" content=\"pt_BR\" \/>\n<meta property=\"og:type\" content=\"article\" \/>\n<meta property=\"og:title\" content=\"Tratamento domiciliar para a Covid-19 - Progredir Fisioterapia e Reabilita\u00e7\u00e3o - Cl\u00ednica Progredir\" \/>\n<meta property=\"og:description\" content=\"A pandemia do Coronav\u00edrus tem representado grandes desafios de sa\u00fade p\u00fablica para o mundo, n\u00e3o s\u00f3 pelo grande n\u00famero de interna\u00e7\u00f5es e \u00f3bitos, mas tamb\u00e9m pelas informa\u00e7\u00f5es sobre a doen\u00e7a serem muito novas. Especialistas ainda buscam entender com mais clareza quais s\u00e3o as formas de transmiss\u00e3o, os sintomas e os tratamentos mais adequados. Casos mais [&hellip;]\" \/>\n<meta property=\"og:url\" content=\"https:\/\/www.clinicaprogredir.com.br\/index.php\/2024\/05\/23\/noticias\/tratamento-domiciliar-para-a-covid-19\/\" \/>\n<meta property=\"og:site_name\" content=\"Progredir Fisioterapia e Reabilita\u00e7\u00e3o - Cl\u00ednica Progredir\" \/>\n<meta property=\"article:published_time\" content=\"2024-05-23T12:47:44+00:00\" \/>\n<meta property=\"article:modified_time\" content=\"2024-05-23T14:48:18+00:00\" \/>\n<meta name=\"author\" content=\"baloodesign\" \/>\n<meta name=\"twitter:card\" content=\"summary_large_image\" \/>\n<meta name=\"twitter:label1\" content=\"Escrito por\" \/>\n\t<meta name=\"twitter:data1\" content=\"baloodesign\" \/>\n\t<meta name=\"twitter:label2\" content=\"Est. tempo de leitura\" \/>\n\t<meta name=\"twitter:data2\" content=\"7 minutos\" \/>\n<script type=\"application\/ld+json\" class=\"yoast-schema-graph\">{\"@context\":\"https:\/\/schema.org\",\"@graph\":[{\"@type\":\"WebPage\",\"@id\":\"https:\/\/www.clinicaprogredir.com.br\/index.php\/2024\/05\/23\/noticias\/tratamento-domiciliar-para-a-covid-19\/\",\"url\":\"https:\/\/www.clinicaprogredir.com.br\/index.php\/2024\/05\/23\/noticias\/tratamento-domiciliar-para-a-covid-19\/\",\"name\":\"Tratamento domiciliar para a Covid-19 - Progredir Fisioterapia e Reabilita\u00e7\u00e3o - Cl\u00ednica Progredir\",\"isPartOf\":{\"@id\":\"https:\/\/www.clinicaprogredir.com.br\/#website\"},\"datePublished\":\"2024-05-23T12:47:44+00:00\",\"dateModified\":\"2024-05-23T14:48:18+00:00\",\"author\":{\"@id\":\"https:\/\/www.clinicaprogredir.com.br\/#\/schema\/person\/9b800bb3d93c54f7c09bc27cf913c155\"},\"breadcrumb\":{\"@id\":\"https:\/\/www.clinicaprogredir.com.br\/index.php\/2024\/05\/23\/noticias\/tratamento-domiciliar-para-a-covid-19\/#breadcrumb\"},\"inLanguage\":\"pt-BR\",\"potentialAction\":[{\"@type\":\"ReadAction\",\"target\":[\"https:\/\/www.clinicaprogredir.com.br\/index.php\/2024\/05\/23\/noticias\/tratamento-domiciliar-para-a-covid-19\/\"]}]},{\"@type\":\"BreadcrumbList\",\"@id\":\"https:\/\/www.clinicaprogredir.com.br\/index.php\/2024\/05\/23\/noticias\/tratamento-domiciliar-para-a-covid-19\/#breadcrumb\",\"itemListElement\":[{\"@type\":\"ListItem\",\"position\":1,\"name\":\"In\u00edcio\",\"item\":\"https:\/\/www.clinicaprogredir.com.br\/\"},{\"@type\":\"ListItem\",\"position\":2,\"name\":\"Tratamento domiciliar para a Covid-19\"}]},{\"@type\":\"WebSite\",\"@id\":\"https:\/\/www.clinicaprogredir.com.br\/#website\",\"url\":\"https:\/\/www.clinicaprogredir.com.br\/\",\"name\":\"Progredir Fisioterapia e Reabilita\u00e7\u00e3o - Cl\u00ednica Progredir\",\"description\":\"A Progredir Fisioterapia e Reabilita\u00e7\u00e3o \u00e9 uma cl\u00ednica especializada que h\u00e1 mais de 15 anos trabalha na recupera\u00e7\u00e3o de pacientes neurol\u00f3gicos e ortop\u00e9dicos, fazendo com que seu tratamento ocorra sempre da forma mais simples e eficaz poss\u00edvel.\",\"potentialAction\":[{\"@type\":\"SearchAction\",\"target\":{\"@type\":\"EntryPoint\",\"urlTemplate\":\"https:\/\/www.clinicaprogredir.com.br\/?s={search_term_string}\"},\"query-input\":{\"@type\":\"PropertyValueSpecification\",\"valueRequired\":true,\"valueName\":\"search_term_string\"}}],\"inLanguage\":\"pt-BR\"},{\"@type\":\"Person\",\"@id\":\"https:\/\/www.clinicaprogredir.com.br\/#\/schema\/person\/9b800bb3d93c54f7c09bc27cf913c155\",\"name\":\"baloodesign\",\"sameAs\":[\"https:\/\/publicidadejundiai.com.br\/progredir\"],\"url\":\"https:\/\/www.clinicaprogredir.com.br\/index.php\/author\/baloodesign\/\"}]}<\/script>\n<!-- \/ Yoast SEO plugin. -->","yoast_head_json":{"title":"Tratamento domiciliar para a Covid-19 - Progredir Fisioterapia e Reabilita\u00e7\u00e3o - Cl\u00ednica Progredir","robots":{"index":"index","follow":"follow","max-snippet":"max-snippet:-1","max-image-preview":"max-image-preview:large","max-video-preview":"max-video-preview:-1"},"canonical":"https:\/\/www.clinicaprogredir.com.br\/index.php\/2024\/05\/23\/noticias\/tratamento-domiciliar-para-a-covid-19\/","og_locale":"pt_BR","og_type":"article","og_title":"Tratamento domiciliar para a Covid-19 - Progredir Fisioterapia e Reabilita\u00e7\u00e3o - Cl\u00ednica Progredir","og_description":"A pandemia do Coronav\u00edrus tem representado grandes desafios de sa\u00fade p\u00fablica para o mundo, n\u00e3o s\u00f3 pelo grande n\u00famero de interna\u00e7\u00f5es e \u00f3bitos, mas tamb\u00e9m pelas informa\u00e7\u00f5es sobre a doen\u00e7a serem muito novas. Especialistas ainda buscam entender com mais clareza quais s\u00e3o as formas de transmiss\u00e3o, os sintomas e os tratamentos mais adequados. Casos mais [&hellip;]","og_url":"https:\/\/www.clinicaprogredir.com.br\/index.php\/2024\/05\/23\/noticias\/tratamento-domiciliar-para-a-covid-19\/","og_site_name":"Progredir Fisioterapia e Reabilita\u00e7\u00e3o - Cl\u00ednica Progredir","article_published_time":"2024-05-23T12:47:44+00:00","article_modified_time":"2024-05-23T14:48:18+00:00","author":"baloodesign","twitter_card":"summary_large_image","twitter_misc":{"Escrito por":"baloodesign","Est. tempo de leitura":"7 minutos"},"schema":{"@context":"https:\/\/schema.org","@graph":[{"@type":"WebPage","@id":"https:\/\/www.clinicaprogredir.com.br\/index.php\/2024\/05\/23\/noticias\/tratamento-domiciliar-para-a-covid-19\/","url":"https:\/\/www.clinicaprogredir.com.br\/index.php\/2024\/05\/23\/noticias\/tratamento-domiciliar-para-a-covid-19\/","name":"Tratamento domiciliar para a Covid-19 - Progredir Fisioterapia e Reabilita\u00e7\u00e3o - Cl\u00ednica Progredir","isPartOf":{"@id":"https:\/\/www.clinicaprogredir.com.br\/#website"},"datePublished":"2024-05-23T12:47:44+00:00","dateModified":"2024-05-23T14:48:18+00:00","author":{"@id":"https:\/\/www.clinicaprogredir.com.br\/#\/schema\/person\/9b800bb3d93c54f7c09bc27cf913c155"},"breadcrumb":{"@id":"https:\/\/www.clinicaprogredir.com.br\/index.php\/2024\/05\/23\/noticias\/tratamento-domiciliar-para-a-covid-19\/#breadcrumb"},"inLanguage":"pt-BR","potentialAction":[{"@type":"ReadAction","target":["https:\/\/www.clinicaprogredir.com.br\/index.php\/2024\/05\/23\/noticias\/tratamento-domiciliar-para-a-covid-19\/"]}]},{"@type":"BreadcrumbList","@id":"https:\/\/www.clinicaprogredir.com.br\/index.php\/2024\/05\/23\/noticias\/tratamento-domiciliar-para-a-covid-19\/#breadcrumb","itemListElement":[{"@type":"ListItem","position":1,"name":"In\u00edcio","item":"https:\/\/www.clinicaprogredir.com.br\/"},{"@type":"ListItem","position":2,"name":"Tratamento domiciliar para a Covid-19"}]},{"@type":"WebSite","@id":"https:\/\/www.clinicaprogredir.com.br\/#website","url":"https:\/\/www.clinicaprogredir.com.br\/","name":"Progredir Fisioterapia e Reabilita\u00e7\u00e3o - Cl\u00ednica Progredir","description":"A Progredir Fisioterapia e Reabilita\u00e7\u00e3o \u00e9 uma cl\u00ednica especializada que h\u00e1 mais de 15 anos trabalha na recupera\u00e7\u00e3o de pacientes neurol\u00f3gicos e ortop\u00e9dicos, fazendo com que seu tratamento ocorra sempre da forma mais simples e eficaz poss\u00edvel.","potentialAction":[{"@type":"SearchAction","target":{"@type":"EntryPoint","urlTemplate":"https:\/\/www.clinicaprogredir.com.br\/?s={search_term_string}"},"query-input":{"@type":"PropertyValueSpecification","valueRequired":true,"valueName":"search_term_string"}}],"inLanguage":"pt-BR"},{"@type":"Person","@id":"https:\/\/www.clinicaprogredir.com.br\/#\/schema\/person\/9b800bb3d93c54f7c09bc27cf913c155","name":"baloodesign","sameAs":["https:\/\/publicidadejundiai.com.br\/progredir"],"url":"https:\/\/www.clinicaprogredir.com.br\/index.php\/author\/baloodesign\/"}]}},"_links":{"self":[{"href":"https:\/\/www.clinicaprogredir.com.br\/index.php\/wp-json\/wp\/v2\/posts\/2365","targetHints":{"allow":["GET"]}}],"collection":[{"href":"https:\/\/www.clinicaprogredir.com.br\/index.php\/wp-json\/wp\/v2\/posts"}],"about":[{"href":"https:\/\/www.clinicaprogredir.com.br\/index.php\/wp-json\/wp\/v2\/types\/post"}],"author":[{"embeddable":true,"href":"https:\/\/www.clinicaprogredir.com.br\/index.php\/wp-json\/wp\/v2\/users\/1"}],"replies":[{"embeddable":true,"href":"https:\/\/www.clinicaprogredir.com.br\/index.php\/wp-json\/wp\/v2\/comments?post=2365"}],"version-history":[{"count":1,"href":"https:\/\/www.clinicaprogredir.com.br\/index.php\/wp-json\/wp\/v2\/posts\/2365\/revisions"}],"predecessor-version":[{"id":2440,"href":"https:\/\/www.clinicaprogredir.com.br\/index.php\/wp-json\/wp\/v2\/posts\/2365\/revisions\/2440"}],"wp:attachment":[{"href":"https:\/\/www.clinicaprogredir.com.br\/index.php\/wp-json\/wp\/v2\/media?parent=2365"}],"wp:term":[{"taxonomy":"category","embeddable":true,"href":"https:\/\/www.clinicaprogredir.com.br\/index.php\/wp-json\/wp\/v2\/categories?post=2365"},{"taxonomy":"post_tag","embeddable":true,"href":"https:\/\/www.clinicaprogredir.com.br\/index.php\/wp-json\/wp\/v2\/tags?post=2365"}],"curies":[{"name":"wp","href":"https:\/\/api.w.org\/{rel}","templated":true}]}}