{"id":2367,"date":"2024-05-23T09:49:37","date_gmt":"2024-05-23T12:49:37","guid":{"rendered":"https:\/\/www.clinicaprogredir.com.br\/?p=2367"},"modified":"2024-05-23T11:45:51","modified_gmt":"2024-05-23T14:45:51","slug":"saiba-como-a-fisioterapia-e-essencial-no-tratamento-pos-covid","status":"publish","type":"post","link":"https:\/\/www.clinicaprogredir.com.br\/index.php\/2024\/05\/23\/noticias\/saiba-como-a-fisioterapia-e-essencial-no-tratamento-pos-covid\/","title":{"rendered":"Saiba como a fisioterapia \u00e9 essencial no tratamento p\u00f3s-Covid"},"content":{"rendered":"<p><span style=\"font-weight: 400;\">A forma como o Coronav\u00edrus age nas pessoas varia de um indiv\u00edduo para outro. A recupera\u00e7\u00e3o p\u00f3s-Covid e as sequelas s\u00e3o as mais variadas. O tratamento de quem se recupera, portanto, vai depender da evolu\u00e7\u00e3o da doen\u00e7a. Em muitos casos, essa recupera\u00e7\u00e3o necessita do trabalho de um fisioterapeuta, que vai ajudar a devolver a qualidade de vida ao paciente.<\/span><\/p>\n<p><span style=\"font-weight: 400;\">H\u00e1 algumas frentes que o fisioterapeuta pode agir no tratamento p\u00f3s-covid: na recupera\u00e7\u00e3o de habilidades motoras e respirat\u00f3rias ou quem sofreu com altera\u00e7\u00f5es neurol\u00f3gicas.<\/span><\/p>\n<p><span style=\"font-weight: 400;\">A Cl\u00ednica Progredir explica melhor os casos a seguir.<\/span><\/p>\n<p>\u00a0<\/p>\n<p><b>Recupera\u00e7\u00e3o motora e respirat\u00f3ria<\/b><\/p>\n<p><span style=\"font-weight: 400;\">Nesse \u00faltimo ano, muitas pessoas precisaram ficar internadas e at\u00e9 mesmo intubadas por causa do Coronav\u00edrus, necessitando assim uma reabilita\u00e7\u00e3o f\u00edsica, motora e respirat\u00f3ria.<\/span><\/p>\n<p><span style=\"font-weight: 400;\">Ap\u00f3s sair da UTI, pacientes que tiveram um enfraquecimento muscular devido \u00e0 falta da mobilidade j\u00e1 precisam iniciar o quanto antes o trabalho de fisioterapia. E a recupera\u00e7\u00e3o deve seguir em casa, depois da alta do hospital.<\/span><\/p>\n<p><span style=\"font-weight: 400;\">Como o Coronav\u00edrus atinge os pulm\u00f5es, a fisioterapia respirat\u00f3ria tamb\u00e9m se mostra importante, principalmente para quem precisou ser intubado. Evitar problemas respirat\u00f3rios durante a recupera\u00e7\u00e3o do paciente tamb\u00e9m \u00e9 um dos objetivos do tratamento.<\/span><\/p>\n<p><span style=\"font-weight: 400;\">As atividades propostas pelo fisioterapia v\u00e3o desde o uso de aparelhos espec\u00edficos, que v\u00e3o trabalhar a musculatura respirat\u00f3ria, at\u00e9 a pr\u00e1tica de exerc\u00edcios f\u00edsicos leves. Atividades na esteira e bicicleta ergom\u00e9trica, por exemplo, tamb\u00e9m ajudam na recupera\u00e7\u00e3o.\u00a0<\/span><\/p>\n<p><span style=\"font-weight: 400;\">Em casos mais graves, os pacientes precisam reaprender a andar ap\u00f3s ficar internado por muitos dias, por ter perdido a for\u00e7a global do corpo. Trabalhar a movimenta\u00e7\u00e3o de toda a estrutura corporal (musculatura e tamb\u00e9m a parte respirat\u00f3ria) ser\u00e1 o foco da fisioterapia neste caso.\u00a0<\/span><\/p>\n<p><span style=\"font-weight: 400;\">Como cada pessoa responde diferente, o tempo de dura\u00e7\u00e3o do trabalho de recupera\u00e7\u00e3o tamb\u00e9m muda, podendo ser de algumas semanas at\u00e9 alguns meses. \u00c9 preciso analisar qual foi o desgaste muscular, perda de peso e dificuldades respirat\u00f3rias de cada pessoa antes de se iniciar o trabalho de fisioterapia.\u00a0<\/span><\/p>\n<p><span style=\"font-weight: 400;\">Dentre os benef\u00edcios da fisioterapia motora e respirat\u00f3ria, podemos apontar a melhora na mobilidade articular e na capacidade cardiorrespirat\u00f3ria e o fortalecimento de membros inferiores e superiores.<\/span><\/p>\n<p>\u00a0<\/p>\n<p><b>Fisioterapia neurol\u00f3gica<\/b><\/p>\n<p><span style=\"font-weight: 400;\">Al\u00e9m do pulm\u00e3o, o Coronav\u00edrus pode atingir o c\u00e9rebro e causar altera\u00e7\u00f5es neurol\u00f3gicas nas pessoas, como o d\u00e9ficit de mem\u00f3ria, precisando de uma reabilita\u00e7\u00e3o focada nesse ponto.<\/span><\/p>\n<p><span style=\"font-weight: 400;\">Como o v\u00edrus pode ter a\u00e7\u00e3o no sistema nervoso, \u00e9 preciso um tratamento espec\u00edfico, para evitar que os preju\u00edzos psicomotores permane\u00e7am por muito tempo.\u00a0<\/span><\/p>\n<p><span style=\"font-weight: 400;\">Com os exerc\u00edcios mais adequados, a fisioterapia neurol\u00f3gica busca restaurar a capacidade funcional atrav\u00e9s do aprendizado do movimento, restabelecendo o bem estar, a identidade emocional e f\u00edsica do paciente.<\/span><\/p>\n<p><span style=\"font-weight: 400;\">Entre em contato com a Cl\u00ednica Progredir para saber mais sobre os tratamentos de fisioterapia para quem precisa de recupera\u00e7\u00e3o p\u00f3s-Covid.<\/span><\/p>\n<p>\u00a0<\/p>\n<p><b>Cl\u00ednica Progredir<\/b><\/p>\n<p><span style=\"font-weight: 400;\">Endere\u00e7o: Avenida Portugal, 1629 &#8211; cj. 22\/23 &#8211; S\u00e3o Paulo &#8211; SP<\/span><\/p>\n<p><span style=\"font-weight: 400;\">Telefone: (11) 2619-8001<\/span><\/p>\n<p><span style=\"font-weight: 400;\">WhatsApp: (11) 99143-9969<\/span><\/p><\/p>\n","protected":false},"excerpt":{"rendered":"<p>A forma como o Coronav\u00edrus age nas pessoas varia de um indiv\u00edduo para outro. A recupera\u00e7\u00e3o p\u00f3s-Covid e as sequelas s\u00e3o as mais variadas. O tratamento de quem se recupera, portanto, vai depender da evolu\u00e7\u00e3o da doen\u00e7a. Em muitos casos, essa recupera\u00e7\u00e3o necessita do trabalho de um fisioterapeuta, que vai ajudar a devolver a qualidade [&hellip;]<\/p>\n","protected":false},"author":1,"featured_media":0,"comment_status":"open","ping_status":"open","sticky":false,"template":"","format":"image","meta":{"inline_featured_image":false,"footnotes":""},"categories":[59],"tags":[],"class_list":["post-2367","post","type-post","status-publish","format-image","hentry","category-noticias","post_format-post-format-image"],"yoast_head":"<!-- This site is optimized with the Yoast SEO plugin v24.5 - https:\/\/yoast.com\/wordpress\/plugins\/seo\/ -->\n<title>Saiba como a fisioterapia \u00e9 essencial no tratamento p\u00f3s-Covid - Progredir Fisioterapia e Reabilita\u00e7\u00e3o - Cl\u00ednica Progredir<\/title>\n<meta name=\"robots\" content=\"index, follow, max-snippet:-1, max-image-preview:large, max-video-preview:-1\" \/>\n<link rel=\"canonical\" href=\"https:\/\/www.clinicaprogredir.com.br\/index.php\/2024\/05\/23\/noticias\/saiba-como-a-fisioterapia-e-essencial-no-tratamento-pos-covid\/\" \/>\n<meta property=\"og:locale\" content=\"pt_BR\" \/>\n<meta property=\"og:type\" content=\"article\" \/>\n<meta property=\"og:title\" content=\"Saiba como a fisioterapia \u00e9 essencial no tratamento p\u00f3s-Covid - Progredir Fisioterapia e Reabilita\u00e7\u00e3o - Cl\u00ednica Progredir\" \/>\n<meta property=\"og:description\" content=\"A forma como o Coronav\u00edrus age nas pessoas varia de um indiv\u00edduo para outro. A recupera\u00e7\u00e3o p\u00f3s-Covid e as sequelas s\u00e3o as mais variadas. O tratamento de quem se recupera, portanto, vai depender da evolu\u00e7\u00e3o da doen\u00e7a. Em muitos casos, essa recupera\u00e7\u00e3o necessita do trabalho de um fisioterapeuta, que vai ajudar a devolver a qualidade [&hellip;]\" \/>\n<meta property=\"og:url\" content=\"https:\/\/www.clinicaprogredir.com.br\/index.php\/2024\/05\/23\/noticias\/saiba-como-a-fisioterapia-e-essencial-no-tratamento-pos-covid\/\" \/>\n<meta property=\"og:site_name\" content=\"Progredir Fisioterapia e Reabilita\u00e7\u00e3o - Cl\u00ednica Progredir\" \/>\n<meta property=\"article:published_time\" content=\"2024-05-23T12:49:37+00:00\" \/>\n<meta property=\"article:modified_time\" content=\"2024-05-23T14:45:51+00:00\" \/>\n<meta name=\"author\" content=\"baloodesign\" \/>\n<meta name=\"twitter:card\" content=\"summary_large_image\" \/>\n<meta name=\"twitter:label1\" content=\"Escrito por\" \/>\n\t<meta name=\"twitter:data1\" content=\"baloodesign\" \/>\n\t<meta name=\"twitter:label2\" content=\"Est. tempo de leitura\" \/>\n\t<meta name=\"twitter:data2\" content=\"3 minutos\" \/>\n<script type=\"application\/ld+json\" class=\"yoast-schema-graph\">{\"@context\":\"https:\/\/schema.org\",\"@graph\":[{\"@type\":\"WebPage\",\"@id\":\"https:\/\/www.clinicaprogredir.com.br\/index.php\/2024\/05\/23\/noticias\/saiba-como-a-fisioterapia-e-essencial-no-tratamento-pos-covid\/\",\"url\":\"https:\/\/www.clinicaprogredir.com.br\/index.php\/2024\/05\/23\/noticias\/saiba-como-a-fisioterapia-e-essencial-no-tratamento-pos-covid\/\",\"name\":\"Saiba como a fisioterapia \u00e9 essencial no tratamento p\u00f3s-Covid - Progredir Fisioterapia e Reabilita\u00e7\u00e3o - Cl\u00ednica Progredir\",\"isPartOf\":{\"@id\":\"https:\/\/www.clinicaprogredir.com.br\/#website\"},\"datePublished\":\"2024-05-23T12:49:37+00:00\",\"dateModified\":\"2024-05-23T14:45:51+00:00\",\"author\":{\"@id\":\"https:\/\/www.clinicaprogredir.com.br\/#\/schema\/person\/9b800bb3d93c54f7c09bc27cf913c155\"},\"breadcrumb\":{\"@id\":\"https:\/\/www.clinicaprogredir.com.br\/index.php\/2024\/05\/23\/noticias\/saiba-como-a-fisioterapia-e-essencial-no-tratamento-pos-covid\/#breadcrumb\"},\"inLanguage\":\"pt-BR\",\"potentialAction\":[{\"@type\":\"ReadAction\",\"target\":[\"https:\/\/www.clinicaprogredir.com.br\/index.php\/2024\/05\/23\/noticias\/saiba-como-a-fisioterapia-e-essencial-no-tratamento-pos-covid\/\"]}]},{\"@type\":\"BreadcrumbList\",\"@id\":\"https:\/\/www.clinicaprogredir.com.br\/index.php\/2024\/05\/23\/noticias\/saiba-como-a-fisioterapia-e-essencial-no-tratamento-pos-covid\/#breadcrumb\",\"itemListElement\":[{\"@type\":\"ListItem\",\"position\":1,\"name\":\"In\u00edcio\",\"item\":\"https:\/\/www.clinicaprogredir.com.br\/\"},{\"@type\":\"ListItem\",\"position\":2,\"name\":\"Saiba como a fisioterapia \u00e9 essencial no tratamento p\u00f3s-Covid\"}]},{\"@type\":\"WebSite\",\"@id\":\"https:\/\/www.clinicaprogredir.com.br\/#website\",\"url\":\"https:\/\/www.clinicaprogredir.com.br\/\",\"name\":\"Progredir Fisioterapia e Reabilita\u00e7\u00e3o - Cl\u00ednica Progredir\",\"description\":\"A Progredir Fisioterapia e Reabilita\u00e7\u00e3o \u00e9 uma cl\u00ednica especializada que h\u00e1 mais de 15 anos trabalha na recupera\u00e7\u00e3o de pacientes neurol\u00f3gicos e ortop\u00e9dicos, fazendo com que seu tratamento ocorra sempre da forma mais simples e eficaz poss\u00edvel.\",\"potentialAction\":[{\"@type\":\"SearchAction\",\"target\":{\"@type\":\"EntryPoint\",\"urlTemplate\":\"https:\/\/www.clinicaprogredir.com.br\/?s={search_term_string}\"},\"query-input\":{\"@type\":\"PropertyValueSpecification\",\"valueRequired\":true,\"valueName\":\"search_term_string\"}}],\"inLanguage\":\"pt-BR\"},{\"@type\":\"Person\",\"@id\":\"https:\/\/www.clinicaprogredir.com.br\/#\/schema\/person\/9b800bb3d93c54f7c09bc27cf913c155\",\"name\":\"baloodesign\",\"sameAs\":[\"https:\/\/publicidadejundiai.com.br\/progredir\"],\"url\":\"https:\/\/www.clinicaprogredir.com.br\/index.php\/author\/baloodesign\/\"}]}<\/script>\n<!-- \/ Yoast SEO plugin. -->","yoast_head_json":{"title":"Saiba como a fisioterapia \u00e9 essencial no tratamento p\u00f3s-Covid - Progredir Fisioterapia e Reabilita\u00e7\u00e3o - Cl\u00ednica Progredir","robots":{"index":"index","follow":"follow","max-snippet":"max-snippet:-1","max-image-preview":"max-image-preview:large","max-video-preview":"max-video-preview:-1"},"canonical":"https:\/\/www.clinicaprogredir.com.br\/index.php\/2024\/05\/23\/noticias\/saiba-como-a-fisioterapia-e-essencial-no-tratamento-pos-covid\/","og_locale":"pt_BR","og_type":"article","og_title":"Saiba como a fisioterapia \u00e9 essencial no tratamento p\u00f3s-Covid - Progredir Fisioterapia e Reabilita\u00e7\u00e3o - Cl\u00ednica Progredir","og_description":"A forma como o Coronav\u00edrus age nas pessoas varia de um indiv\u00edduo para outro. A recupera\u00e7\u00e3o p\u00f3s-Covid e as sequelas s\u00e3o as mais variadas. O tratamento de quem se recupera, portanto, vai depender da evolu\u00e7\u00e3o da doen\u00e7a. Em muitos casos, essa recupera\u00e7\u00e3o necessita do trabalho de um fisioterapeuta, que vai ajudar a devolver a qualidade [&hellip;]","og_url":"https:\/\/www.clinicaprogredir.com.br\/index.php\/2024\/05\/23\/noticias\/saiba-como-a-fisioterapia-e-essencial-no-tratamento-pos-covid\/","og_site_name":"Progredir Fisioterapia e Reabilita\u00e7\u00e3o - Cl\u00ednica Progredir","article_published_time":"2024-05-23T12:49:37+00:00","article_modified_time":"2024-05-23T14:45:51+00:00","author":"baloodesign","twitter_card":"summary_large_image","twitter_misc":{"Escrito por":"baloodesign","Est. tempo de leitura":"3 minutos"},"schema":{"@context":"https:\/\/schema.org","@graph":[{"@type":"WebPage","@id":"https:\/\/www.clinicaprogredir.com.br\/index.php\/2024\/05\/23\/noticias\/saiba-como-a-fisioterapia-e-essencial-no-tratamento-pos-covid\/","url":"https:\/\/www.clinicaprogredir.com.br\/index.php\/2024\/05\/23\/noticias\/saiba-como-a-fisioterapia-e-essencial-no-tratamento-pos-covid\/","name":"Saiba como a fisioterapia \u00e9 essencial no tratamento p\u00f3s-Covid - Progredir Fisioterapia e Reabilita\u00e7\u00e3o - Cl\u00ednica Progredir","isPartOf":{"@id":"https:\/\/www.clinicaprogredir.com.br\/#website"},"datePublished":"2024-05-23T12:49:37+00:00","dateModified":"2024-05-23T14:45:51+00:00","author":{"@id":"https:\/\/www.clinicaprogredir.com.br\/#\/schema\/person\/9b800bb3d93c54f7c09bc27cf913c155"},"breadcrumb":{"@id":"https:\/\/www.clinicaprogredir.com.br\/index.php\/2024\/05\/23\/noticias\/saiba-como-a-fisioterapia-e-essencial-no-tratamento-pos-covid\/#breadcrumb"},"inLanguage":"pt-BR","potentialAction":[{"@type":"ReadAction","target":["https:\/\/www.clinicaprogredir.com.br\/index.php\/2024\/05\/23\/noticias\/saiba-como-a-fisioterapia-e-essencial-no-tratamento-pos-covid\/"]}]},{"@type":"BreadcrumbList","@id":"https:\/\/www.clinicaprogredir.com.br\/index.php\/2024\/05\/23\/noticias\/saiba-como-a-fisioterapia-e-essencial-no-tratamento-pos-covid\/#breadcrumb","itemListElement":[{"@type":"ListItem","position":1,"name":"In\u00edcio","item":"https:\/\/www.clinicaprogredir.com.br\/"},{"@type":"ListItem","position":2,"name":"Saiba como a fisioterapia \u00e9 essencial no tratamento p\u00f3s-Covid"}]},{"@type":"WebSite","@id":"https:\/\/www.clinicaprogredir.com.br\/#website","url":"https:\/\/www.clinicaprogredir.com.br\/","name":"Progredir Fisioterapia e Reabilita\u00e7\u00e3o - Cl\u00ednica Progredir","description":"A Progredir Fisioterapia e Reabilita\u00e7\u00e3o \u00e9 uma cl\u00ednica especializada que h\u00e1 mais de 15 anos trabalha na recupera\u00e7\u00e3o de pacientes neurol\u00f3gicos e ortop\u00e9dicos, fazendo com que seu tratamento ocorra sempre da forma mais simples e eficaz poss\u00edvel.","potentialAction":[{"@type":"SearchAction","target":{"@type":"EntryPoint","urlTemplate":"https:\/\/www.clinicaprogredir.com.br\/?s={search_term_string}"},"query-input":{"@type":"PropertyValueSpecification","valueRequired":true,"valueName":"search_term_string"}}],"inLanguage":"pt-BR"},{"@type":"Person","@id":"https:\/\/www.clinicaprogredir.com.br\/#\/schema\/person\/9b800bb3d93c54f7c09bc27cf913c155","name":"baloodesign","sameAs":["https:\/\/publicidadejundiai.com.br\/progredir"],"url":"https:\/\/www.clinicaprogredir.com.br\/index.php\/author\/baloodesign\/"}]}},"_links":{"self":[{"href":"https:\/\/www.clinicaprogredir.com.br\/index.php\/wp-json\/wp\/v2\/posts\/2367","targetHints":{"allow":["GET"]}}],"collection":[{"href":"https:\/\/www.clinicaprogredir.com.br\/index.php\/wp-json\/wp\/v2\/posts"}],"about":[{"href":"https:\/\/www.clinicaprogredir.com.br\/index.php\/wp-json\/wp\/v2\/types\/post"}],"author":[{"embeddable":true,"href":"https:\/\/www.clinicaprogredir.com.br\/index.php\/wp-json\/wp\/v2\/users\/1"}],"replies":[{"embeddable":true,"href":"https:\/\/www.clinicaprogredir.com.br\/index.php\/wp-json\/wp\/v2\/comments?post=2367"}],"version-history":[{"count":1,"href":"https:\/\/www.clinicaprogredir.com.br\/index.php\/wp-json\/wp\/v2\/posts\/2367\/revisions"}],"predecessor-version":[{"id":2502,"href":"https:\/\/www.clinicaprogredir.com.br\/index.php\/wp-json\/wp\/v2\/posts\/2367\/revisions\/2502"}],"wp:attachment":[{"href":"https:\/\/www.clinicaprogredir.com.br\/index.php\/wp-json\/wp\/v2\/media?parent=2367"}],"wp:term":[{"taxonomy":"category","embeddable":true,"href":"https:\/\/www.clinicaprogredir.com.br\/index.php\/wp-json\/wp\/v2\/categories?post=2367"},{"taxonomy":"post_tag","embeddable":true,"href":"https:\/\/www.clinicaprogredir.com.br\/index.php\/wp-json\/wp\/v2\/tags?post=2367"}],"curies":[{"name":"wp","href":"https:\/\/api.w.org\/{rel}","templated":true}]}}