{"id":2378,"date":"2024-05-23T09:48:57","date_gmt":"2024-05-23T12:48:57","guid":{"rendered":"https:\/\/www.clinicaprogredir.com.br\/?p=2378"},"modified":"2024-05-23T11:46:50","modified_gmt":"2024-05-23T14:46:50","slug":"manter-a-frequencia-na-fisioterapia-ajuda-na-boa-recuperacao-pos-covid","status":"publish","type":"post","link":"https:\/\/www.clinicaprogredir.com.br\/index.php\/2024\/05\/23\/noticias\/manter-a-frequencia-na-fisioterapia-ajuda-na-boa-recuperacao-pos-covid\/","title":{"rendered":"Manter a frequ\u00eancia na fisioterapia ajuda na boa recupera\u00e7\u00e3o p\u00f3s-Covid"},"content":{"rendered":"<p dir=\"ltr\">Falta de ar, dor muscular, fadiga, fraqueza, dificuldades para respirar ou se locomover. A Covid-19 n&atilde;o causa apenas problemas durante a fase da doen&ccedil;a, mas deixa sequelas graves nos pacientes. E uma das armas para combater essas sequelas &eacute; a fisioterapia.<\/p>\n<p dir=\"ltr\">Desde o surgimento da Covid-19, a fisioterapia motora e respirat&oacute;ria tem tido papel importante na reabilita&ccedil;&atilde;o de pacientes ap&oacute;s a cura do v&iacute;rus. Dentre seus benef&iacute;cios, podemos destacar:<\/p>\n<ul>\n<li dir=\"ltr\">\n<p dir=\"ltr\">melhora a for&ccedil;a muscular;<\/p>\n<\/li>\n<li dir=\"ltr\">\n<p dir=\"ltr\">diminui as dores no corpo;<\/p>\n<\/li>\n<li dir=\"ltr\">\n<p dir=\"ltr\">aumenta a resist&ecirc;ncia para a pr&aacute;tica de exerc&iacute;cios;<\/p>\n<\/li>\n<li dir=\"ltr\">\n<p dir=\"ltr\">diminui o cansa&ccedil;o;<\/p>\n<\/li>\n<li dir=\"ltr\">\n<p dir=\"ltr\">prepara o paciente para retornar com qualidade &agrave;s atividades di&aacute;rias.&nbsp;<\/p>\n<\/li>\n<\/ul>\n<p dir=\"ltr\">De acordo com dados do Catho, a busca por fisioterapeuta hospitalar durante a pandemia teve um crescimento de 725%, enquanto a busca por fisioterapeuta aumentou 716%.<\/p>\n<p dir=\"ltr\">A profiss&atilde;o de fisioterapeuta, como podemos ver, ganhou ainda mais import&acirc;ncia nos &uacute;ltimos meses, e seu papel tem sido fundamental durante a interna&ccedil;&atilde;o dos pacientes com Covid-19 no hospital e tamb&eacute;m ap&oacute;s a alta hospitalar.<\/p>\n<p dir=\"ltr\"><strong>A import&acirc;ncia em manter a frequ&ecirc;ncia da fisioterapia<\/strong><\/p>\n<p dir=\"ltr\">Assim como algu&eacute;m que precisa de fisioterapia para recuperar movimentos de um bra&ccedil;o quebrado, por exemplo, quem necessita de fisioterapia para se livrar das sequelas da Covid-19 tamb&eacute;m precisa de um plano de a&ccedil;&atilde;o e manter a frequ&ecirc;ncia das sess&otilde;es.<\/p>\n<p dir=\"ltr\">Seja em uma cl&iacute;nica especializada ou na pr&oacute;pria casa, com atendimento domiciliar, o paciente precisa seguir &agrave; risca o que &eacute; passado pelo fisioterapeuta.<\/p>\n<p dir=\"ltr\">Antes de tudo, &eacute; preciso que o paciente passe por uma avalia&ccedil;&atilde;o m&eacute;dica para saber quais foram as sequelas do p&oacute;s-Covid. E, ap&oacute;s uma consulta com um fisioterapeuta, o profissional vai come&ccedil;ar as sess&otilde;es de acordo com o diagn&oacute;stico realizado.<\/p>\n<p dir=\"ltr\">&Eacute; muito importante que o paciente saiba que o seu tratamento ser&aacute; diferente de outra pessoa que tamb&eacute;m pegou Covid, afinal, cada indiv&iacute;duo reage de um jeito, com problemas diferentes.<\/p>\n<p dir=\"ltr\">A dura&ccedil;&atilde;o do tratamento pode variar de algumas semanas at&eacute; meses, tudo depende das sequelas e da evolu&ccedil;&atilde;o do paciente.<\/p>\n<p dir=\"ltr\">Se o fisioterapeuta analisar que s&atilde;o necess&aacute;rias duas sess&otilde;es por semana, &eacute; importante manter a frequ&ecirc;ncia e n&atilde;o faltar no dia combinado.<\/p>\n<p dir=\"ltr\">Alguns pacientes relatam que chegaram a ficar at&eacute; 6 meses com alguma limita&ccedil;&atilde;o f&iacute;sica ou respirat&oacute;ria, e que a melhora foi gradual e gra&ccedil;as aos exerc&iacute;cios de fisioterapia.<\/p>\n<p dir=\"ltr\">Para saber mais como a fisioterapia pode ajudar no tratamento p&oacute;s-Covid, entre em contato com a <strong>Cl&iacute;nica Progredir<\/strong> e conhe&ccedil;a mais sobre nossa equipe profissional e todos os tratamentos da fisioterapia motora e respirat&oacute;ria.<\/p>\n<p dir=\"ltr\">&nbsp;&nbsp;<\/p>\n<p dir=\"ltr\"><strong>Cl&iacute;nica Progredir<\/strong><\/p>\n<p dir=\"ltr\">Endere&ccedil;o: Avenida Portugal, 1629 &#8211; cj. 22\/23 &#8211; S&atilde;o Paulo &#8211; SP<\/p>\n<p dir=\"ltr\">Telefone: (11) 2619-8001<\/p>\n<p dir=\"ltr\">WhatsApp: (11) 99143-9969<\/p>\n","protected":false},"excerpt":{"rendered":"<p>Falta de ar, dor muscular, fadiga, fraqueza, dificuldades para respirar ou se locomover. A Covid-19 n&atilde;o causa apenas problemas durante a fase da doen&ccedil;a, mas deixa sequelas graves nos pacientes. E uma das armas para combater essas sequelas &eacute; a fisioterapia. Desde o surgimento da Covid-19, a fisioterapia motora e respirat&oacute;ria tem tido papel importante [&hellip;]<\/p>\n","protected":false},"author":1,"featured_media":0,"comment_status":"open","ping_status":"open","sticky":false,"template":"","format":"image","meta":{"inline_featured_image":false,"footnotes":""},"categories":[59],"tags":[],"class_list":["post-2378","post","type-post","status-publish","format-image","hentry","category-noticias","post_format-post-format-image"],"yoast_head":"<!-- This site is optimized with the Yoast SEO plugin v24.5 - https:\/\/yoast.com\/wordpress\/plugins\/seo\/ -->\n<title>Manter a frequ\u00eancia na fisioterapia ajuda na boa recupera\u00e7\u00e3o p\u00f3s-Covid - Progredir Fisioterapia e Reabilita\u00e7\u00e3o - Cl\u00ednica Progredir<\/title>\n<meta name=\"robots\" content=\"index, follow, max-snippet:-1, max-image-preview:large, max-video-preview:-1\" \/>\n<link rel=\"canonical\" href=\"https:\/\/www.clinicaprogredir.com.br\/index.php\/2024\/05\/23\/noticias\/manter-a-frequencia-na-fisioterapia-ajuda-na-boa-recuperacao-pos-covid\/\" \/>\n<meta property=\"og:locale\" content=\"pt_BR\" \/>\n<meta property=\"og:type\" content=\"article\" \/>\n<meta property=\"og:title\" content=\"Manter a frequ\u00eancia na fisioterapia ajuda na boa recupera\u00e7\u00e3o p\u00f3s-Covid - Progredir Fisioterapia e Reabilita\u00e7\u00e3o - Cl\u00ednica Progredir\" \/>\n<meta property=\"og:description\" content=\"Falta de ar, dor muscular, fadiga, fraqueza, dificuldades para respirar ou se locomover. A Covid-19 n&atilde;o causa apenas problemas durante a fase da doen&ccedil;a, mas deixa sequelas graves nos pacientes. E uma das armas para combater essas sequelas &eacute; a fisioterapia. Desde o surgimento da Covid-19, a fisioterapia motora e respirat&oacute;ria tem tido papel importante [&hellip;]\" \/>\n<meta property=\"og:url\" content=\"https:\/\/www.clinicaprogredir.com.br\/index.php\/2024\/05\/23\/noticias\/manter-a-frequencia-na-fisioterapia-ajuda-na-boa-recuperacao-pos-covid\/\" \/>\n<meta property=\"og:site_name\" content=\"Progredir Fisioterapia e Reabilita\u00e7\u00e3o - Cl\u00ednica Progredir\" \/>\n<meta property=\"article:published_time\" content=\"2024-05-23T12:48:57+00:00\" \/>\n<meta property=\"article:modified_time\" content=\"2024-05-23T14:46:50+00:00\" \/>\n<meta name=\"author\" content=\"baloodesign\" \/>\n<meta name=\"twitter:card\" content=\"summary_large_image\" \/>\n<meta name=\"twitter:label1\" content=\"Escrito por\" \/>\n\t<meta name=\"twitter:data1\" content=\"baloodesign\" \/>\n\t<meta name=\"twitter:label2\" content=\"Est. tempo de leitura\" \/>\n\t<meta name=\"twitter:data2\" content=\"3 minutos\" \/>\n<script type=\"application\/ld+json\" class=\"yoast-schema-graph\">{\"@context\":\"https:\/\/schema.org\",\"@graph\":[{\"@type\":\"WebPage\",\"@id\":\"https:\/\/www.clinicaprogredir.com.br\/index.php\/2024\/05\/23\/noticias\/manter-a-frequencia-na-fisioterapia-ajuda-na-boa-recuperacao-pos-covid\/\",\"url\":\"https:\/\/www.clinicaprogredir.com.br\/index.php\/2024\/05\/23\/noticias\/manter-a-frequencia-na-fisioterapia-ajuda-na-boa-recuperacao-pos-covid\/\",\"name\":\"Manter a frequ\u00eancia na fisioterapia ajuda na boa recupera\u00e7\u00e3o p\u00f3s-Covid - Progredir Fisioterapia e Reabilita\u00e7\u00e3o - Cl\u00ednica Progredir\",\"isPartOf\":{\"@id\":\"https:\/\/www.clinicaprogredir.com.br\/#website\"},\"datePublished\":\"2024-05-23T12:48:57+00:00\",\"dateModified\":\"2024-05-23T14:46:50+00:00\",\"author\":{\"@id\":\"https:\/\/www.clinicaprogredir.com.br\/#\/schema\/person\/9b800bb3d93c54f7c09bc27cf913c155\"},\"breadcrumb\":{\"@id\":\"https:\/\/www.clinicaprogredir.com.br\/index.php\/2024\/05\/23\/noticias\/manter-a-frequencia-na-fisioterapia-ajuda-na-boa-recuperacao-pos-covid\/#breadcrumb\"},\"inLanguage\":\"pt-BR\",\"potentialAction\":[{\"@type\":\"ReadAction\",\"target\":[\"https:\/\/www.clinicaprogredir.com.br\/index.php\/2024\/05\/23\/noticias\/manter-a-frequencia-na-fisioterapia-ajuda-na-boa-recuperacao-pos-covid\/\"]}]},{\"@type\":\"BreadcrumbList\",\"@id\":\"https:\/\/www.clinicaprogredir.com.br\/index.php\/2024\/05\/23\/noticias\/manter-a-frequencia-na-fisioterapia-ajuda-na-boa-recuperacao-pos-covid\/#breadcrumb\",\"itemListElement\":[{\"@type\":\"ListItem\",\"position\":1,\"name\":\"In\u00edcio\",\"item\":\"https:\/\/www.clinicaprogredir.com.br\/\"},{\"@type\":\"ListItem\",\"position\":2,\"name\":\"Manter a frequ\u00eancia na fisioterapia ajuda na boa recupera\u00e7\u00e3o p\u00f3s-Covid\"}]},{\"@type\":\"WebSite\",\"@id\":\"https:\/\/www.clinicaprogredir.com.br\/#website\",\"url\":\"https:\/\/www.clinicaprogredir.com.br\/\",\"name\":\"Progredir Fisioterapia e Reabilita\u00e7\u00e3o - Cl\u00ednica Progredir\",\"description\":\"A Progredir Fisioterapia e Reabilita\u00e7\u00e3o \u00e9 uma cl\u00ednica especializada que h\u00e1 mais de 15 anos trabalha na recupera\u00e7\u00e3o de pacientes neurol\u00f3gicos e ortop\u00e9dicos, fazendo com que seu tratamento ocorra sempre da forma mais simples e eficaz poss\u00edvel.\",\"potentialAction\":[{\"@type\":\"SearchAction\",\"target\":{\"@type\":\"EntryPoint\",\"urlTemplate\":\"https:\/\/www.clinicaprogredir.com.br\/?s={search_term_string}\"},\"query-input\":{\"@type\":\"PropertyValueSpecification\",\"valueRequired\":true,\"valueName\":\"search_term_string\"}}],\"inLanguage\":\"pt-BR\"},{\"@type\":\"Person\",\"@id\":\"https:\/\/www.clinicaprogredir.com.br\/#\/schema\/person\/9b800bb3d93c54f7c09bc27cf913c155\",\"name\":\"baloodesign\",\"sameAs\":[\"https:\/\/publicidadejundiai.com.br\/progredir\"],\"url\":\"https:\/\/www.clinicaprogredir.com.br\/index.php\/author\/baloodesign\/\"}]}<\/script>\n<!-- \/ Yoast SEO plugin. -->","yoast_head_json":{"title":"Manter a frequ\u00eancia na fisioterapia ajuda na boa recupera\u00e7\u00e3o p\u00f3s-Covid - Progredir Fisioterapia e Reabilita\u00e7\u00e3o - Cl\u00ednica Progredir","robots":{"index":"index","follow":"follow","max-snippet":"max-snippet:-1","max-image-preview":"max-image-preview:large","max-video-preview":"max-video-preview:-1"},"canonical":"https:\/\/www.clinicaprogredir.com.br\/index.php\/2024\/05\/23\/noticias\/manter-a-frequencia-na-fisioterapia-ajuda-na-boa-recuperacao-pos-covid\/","og_locale":"pt_BR","og_type":"article","og_title":"Manter a frequ\u00eancia na fisioterapia ajuda na boa recupera\u00e7\u00e3o p\u00f3s-Covid - Progredir Fisioterapia e Reabilita\u00e7\u00e3o - Cl\u00ednica Progredir","og_description":"Falta de ar, dor muscular, fadiga, fraqueza, dificuldades para respirar ou se locomover. A Covid-19 n&atilde;o causa apenas problemas durante a fase da doen&ccedil;a, mas deixa sequelas graves nos pacientes. E uma das armas para combater essas sequelas &eacute; a fisioterapia. Desde o surgimento da Covid-19, a fisioterapia motora e respirat&oacute;ria tem tido papel importante [&hellip;]","og_url":"https:\/\/www.clinicaprogredir.com.br\/index.php\/2024\/05\/23\/noticias\/manter-a-frequencia-na-fisioterapia-ajuda-na-boa-recuperacao-pos-covid\/","og_site_name":"Progredir Fisioterapia e Reabilita\u00e7\u00e3o - Cl\u00ednica Progredir","article_published_time":"2024-05-23T12:48:57+00:00","article_modified_time":"2024-05-23T14:46:50+00:00","author":"baloodesign","twitter_card":"summary_large_image","twitter_misc":{"Escrito por":"baloodesign","Est. tempo de leitura":"3 minutos"},"schema":{"@context":"https:\/\/schema.org","@graph":[{"@type":"WebPage","@id":"https:\/\/www.clinicaprogredir.com.br\/index.php\/2024\/05\/23\/noticias\/manter-a-frequencia-na-fisioterapia-ajuda-na-boa-recuperacao-pos-covid\/","url":"https:\/\/www.clinicaprogredir.com.br\/index.php\/2024\/05\/23\/noticias\/manter-a-frequencia-na-fisioterapia-ajuda-na-boa-recuperacao-pos-covid\/","name":"Manter a frequ\u00eancia na fisioterapia ajuda na boa recupera\u00e7\u00e3o p\u00f3s-Covid - Progredir Fisioterapia e Reabilita\u00e7\u00e3o - Cl\u00ednica Progredir","isPartOf":{"@id":"https:\/\/www.clinicaprogredir.com.br\/#website"},"datePublished":"2024-05-23T12:48:57+00:00","dateModified":"2024-05-23T14:46:50+00:00","author":{"@id":"https:\/\/www.clinicaprogredir.com.br\/#\/schema\/person\/9b800bb3d93c54f7c09bc27cf913c155"},"breadcrumb":{"@id":"https:\/\/www.clinicaprogredir.com.br\/index.php\/2024\/05\/23\/noticias\/manter-a-frequencia-na-fisioterapia-ajuda-na-boa-recuperacao-pos-covid\/#breadcrumb"},"inLanguage":"pt-BR","potentialAction":[{"@type":"ReadAction","target":["https:\/\/www.clinicaprogredir.com.br\/index.php\/2024\/05\/23\/noticias\/manter-a-frequencia-na-fisioterapia-ajuda-na-boa-recuperacao-pos-covid\/"]}]},{"@type":"BreadcrumbList","@id":"https:\/\/www.clinicaprogredir.com.br\/index.php\/2024\/05\/23\/noticias\/manter-a-frequencia-na-fisioterapia-ajuda-na-boa-recuperacao-pos-covid\/#breadcrumb","itemListElement":[{"@type":"ListItem","position":1,"name":"In\u00edcio","item":"https:\/\/www.clinicaprogredir.com.br\/"},{"@type":"ListItem","position":2,"name":"Manter a frequ\u00eancia na fisioterapia ajuda na boa recupera\u00e7\u00e3o p\u00f3s-Covid"}]},{"@type":"WebSite","@id":"https:\/\/www.clinicaprogredir.com.br\/#website","url":"https:\/\/www.clinicaprogredir.com.br\/","name":"Progredir Fisioterapia e Reabilita\u00e7\u00e3o - Cl\u00ednica Progredir","description":"A Progredir Fisioterapia e Reabilita\u00e7\u00e3o \u00e9 uma cl\u00ednica especializada que h\u00e1 mais de 15 anos trabalha na recupera\u00e7\u00e3o de pacientes neurol\u00f3gicos e ortop\u00e9dicos, fazendo com que seu tratamento ocorra sempre da forma mais simples e eficaz poss\u00edvel.","potentialAction":[{"@type":"SearchAction","target":{"@type":"EntryPoint","urlTemplate":"https:\/\/www.clinicaprogredir.com.br\/?s={search_term_string}"},"query-input":{"@type":"PropertyValueSpecification","valueRequired":true,"valueName":"search_term_string"}}],"inLanguage":"pt-BR"},{"@type":"Person","@id":"https:\/\/www.clinicaprogredir.com.br\/#\/schema\/person\/9b800bb3d93c54f7c09bc27cf913c155","name":"baloodesign","sameAs":["https:\/\/publicidadejundiai.com.br\/progredir"],"url":"https:\/\/www.clinicaprogredir.com.br\/index.php\/author\/baloodesign\/"}]}},"_links":{"self":[{"href":"https:\/\/www.clinicaprogredir.com.br\/index.php\/wp-json\/wp\/v2\/posts\/2378","targetHints":{"allow":["GET"]}}],"collection":[{"href":"https:\/\/www.clinicaprogredir.com.br\/index.php\/wp-json\/wp\/v2\/posts"}],"about":[{"href":"https:\/\/www.clinicaprogredir.com.br\/index.php\/wp-json\/wp\/v2\/types\/post"}],"author":[{"embeddable":true,"href":"https:\/\/www.clinicaprogredir.com.br\/index.php\/wp-json\/wp\/v2\/users\/1"}],"replies":[{"embeddable":true,"href":"https:\/\/www.clinicaprogredir.com.br\/index.php\/wp-json\/wp\/v2\/comments?post=2378"}],"version-history":[{"count":1,"href":"https:\/\/www.clinicaprogredir.com.br\/index.php\/wp-json\/wp\/v2\/posts\/2378\/revisions"}],"predecessor-version":[{"id":2491,"href":"https:\/\/www.clinicaprogredir.com.br\/index.php\/wp-json\/wp\/v2\/posts\/2378\/revisions\/2491"}],"wp:attachment":[{"href":"https:\/\/www.clinicaprogredir.com.br\/index.php\/wp-json\/wp\/v2\/media?parent=2378"}],"wp:term":[{"taxonomy":"category","embeddable":true,"href":"https:\/\/www.clinicaprogredir.com.br\/index.php\/wp-json\/wp\/v2\/categories?post=2378"},{"taxonomy":"post_tag","embeddable":true,"href":"https:\/\/www.clinicaprogredir.com.br\/index.php\/wp-json\/wp\/v2\/tags?post=2378"}],"curies":[{"name":"wp","href":"https:\/\/api.w.org\/{rel}","templated":true}]}}