{"id":2379,"date":"2024-05-23T09:48:57","date_gmt":"2024-05-23T12:48:57","guid":{"rendered":"https:\/\/www.clinicaprogredir.com.br\/?p=2379"},"modified":"2024-05-23T11:46:50","modified_gmt":"2024-05-23T14:46:50","slug":"o-pos-covid-e-a-importancia-da-fisioterapia-motora-e-respiratoria","status":"publish","type":"post","link":"https:\/\/www.clinicaprogredir.com.br\/index.php\/2024\/05\/23\/noticias\/o-pos-covid-e-a-importancia-da-fisioterapia-motora-e-respiratoria\/","title":{"rendered":"O p\u00f3s-Covid e a import\u00e2ncia da fisioterapia motora e respirat\u00f3ria"},"content":{"rendered":"<p dir=\"ltr\">O Coronav&iacute;rus mudou a forma como enxergamos o mundo e o cen&aacute;rio da sa&uacute;de mundial foi transformado desde o surgimento da doen&ccedil;a, no final de 2019. Milh&otilde;es de pessoas j&aacute; foram acometidas pela Covid-19, e o sistema respirat&oacute;rio &eacute; o mais afetado por essa doen&ccedil;a. Os sintomas s&atilde;o variados, indo dos mais comuns e leves (como tosse) at&eacute; os mais graves (dificuldades para respirar e pulm&otilde;es afetados).<\/p>\n<p dir=\"ltr\">Al&eacute;m dos sintomas, &eacute; comum os pacientes apresentarem sequelas p&oacute;s-Covid. Ou seja, mesmo curadas, as pessoas continuam com algum problema decorrente da doen&ccedil;a. Segundo o Minist&eacute;rio da Sa&uacute;de, cerca de 40% das pessoas que deixam o hospital ap&oacute;s interna&ccedil;&atilde;o apresentam sequelas ligadas ao Coronav&iacute;rus.<\/p>\n<p dir=\"ltr\">Para auxiliar na recupera&ccedil;&atilde;o do paciente, a fisioterapia motora e respirat&oacute;ria se mostra uma grande aliada e fundamental para devolver a qualidade de vida para quem sarou da Covid-19 mas ainda ficou com alguma sequela.<\/p>\n<p dir=\"ltr\"><strong>Tratamento e reabilita&ccedil;&atilde;o p&oacute;s-covid<\/strong><\/p>\n<p dir=\"ltr\">Como j&aacute; sabemos, os casos mais graves da Covid-19 exigem uma interna&ccedil;&atilde;o hospitalar. Alguns pacientes precisam ficar na Unidade de Terapia Intensiva (UTI) e muitas vezes n&atilde;o t&ecirc;m previs&atilde;o de alta &#8211; j&aacute; vimos que algumas pessoas chegam a ficar semanas internadas at&eacute; melhorarem.<\/p>\n<p dir=\"ltr\">O suporte ventilat&oacute;rio por meio de respiradores mec&acirc;nicos se faz necess&aacute;rio em muitas ocasi&otilde;es, e nesta fase os hospitais j&aacute; come&ccedil;am um tratamento de fisioterapia.<\/p>\n<p dir=\"ltr\">Ap&oacute;s uma melhora no quadro geral e mesmo ap&oacute;s a alta hospitalar, pacientes relatam problemas variados e sequelas como falta de ar, dificuldade de respira&ccedil;&atilde;o, fraqueza muscular, cansa&ccedil;o, perda de peso e outras quest&otilde;es que ser&atilde;o resolvidas com a ajuda de um profissional de fisioterapia da <strong>Cl&iacute;nica Progredir<\/strong>.&nbsp;<\/p>\n<p dir=\"ltr\">O programa de recupera&ccedil;&atilde;o vai depender de alguns fatores, como o tempo internado e as sequelas que apareceram, e o trabalho de fisioterapia ser&aacute; feito de acordo com as necessidades do paciente e a avalia&ccedil;&atilde;o do profissional.<\/p>\n<p dir=\"ltr\"><strong>Os benef&iacute;cios da fisioterapia motora<\/strong><\/p>\n<p dir=\"ltr\">Alguns pacientes que se recuperam da Covid-19 acabam tendo limita&ccedil;&otilde;es f&iacute;sicas e, neste caso, o fundamental &eacute; contar com a ajuda da fisioterapia motora.<\/p>\n<p dir=\"ltr\">O profissional da fisioterapia vai pensar no plano de reabilita&ccedil;&atilde;o de acordo com as sequelas apresentadas, e o objetivo &eacute; melhorar os sintomas de fraqueza muscular ou fadiga, por exemplo.<\/p>\n<p dir=\"ltr\">Dentre os benef&iacute;cios da fisioterapia motora, podemos apontar os seguintes:<\/p>\n<ul>\n<li dir=\"ltr\">\n<p dir=\"ltr\">Melhora da flexibilidade;<\/p>\n<\/li>\n<li dir=\"ltr\">\n<p dir=\"ltr\">Melhora da capacidade cardiorrespirat&oacute;ria;<\/p>\n<\/li>\n<li dir=\"ltr\">\n<p dir=\"ltr\">Fortalecimento muscular dos membros superiores e inferiores;<\/p>\n<\/li>\n<li dir=\"ltr\">\n<p dir=\"ltr\">Redu&ccedil;&atilde;o da fadiga;<\/p>\n<\/li>\n<li dir=\"ltr\">\n<p dir=\"ltr\">Sensa&ccedil;&atilde;o de bem-estar;<\/p>\n<\/li>\n<li dir=\"ltr\">\n<p dir=\"ltr\">Melhor qualidade de vida;<\/p>\n<\/li>\n<li dir=\"ltr\">\n<p dir=\"ltr\">Melhora na pr&aacute;tica das atividades di&aacute;rias.<\/p>\n<\/li>\n<\/ul>\n<p dir=\"ltr\">Com um melhor condicionamento f&iacute;sico, aumentam tamb&eacute;m a intensidade dos exerc&iacute;cios praticados durante a fisioterapia motora. Entre em contato com a <strong>Cl&iacute;nica Progredir<\/strong> para conhecer mais sobre o tratamento.&nbsp;<\/p>\n<p dir=\"ltr\"><strong>Os benef&iacute;cios da fisioterapia respirat&oacute;ria<\/strong><\/p>\n<p dir=\"ltr\">Restabelecer o pleno funcionamento dos pulm&otilde;es &eacute; o grande objetivo da fisioterapia respirat&oacute;ria. Atrav&eacute;s de t&eacute;cnicas e exerc&iacute;cios, a ideia &eacute; fazer o pulm&atilde;o aprender a trabalhar sozinho novamente.<\/p>\n<p dir=\"ltr\">No geral, o fisioterapeuta trabalha com o fortalecimento dos m&uacute;sculos respirat&oacute;rios, melhora da capacidade pulmonar e oxigena&ccedil;&atilde;o dos pulm&otilde;es, treinos de for&ccedil;a corporal e treinos de marcha, por exemplo.<\/p>\n<p dir=\"ltr\">Com exerc&iacute;cios respirat&oacute;rios, o paciente consegue entre outras coisas controlar os tempos de inspira&ccedil;&atilde;o e expira&ccedil;&atilde;o, melhorando a for&ccedil;a e a resist&ecirc;ncia da musculatura respirat&oacute;ria, Assim,&nbsp; aumenta a oxigena&ccedil;&atilde;o do sangue e tamb&eacute;m os volumes pulmonares.<\/p>\n<p dir=\"ltr\">Todos os movimentos ajudam a melhorar o fornecimento de oxig&ecirc;nio para o organismo. Al&eacute;m disso, a pr&aacute;tica da fisioterapia respirat&oacute;ria ajuda a liberar as vias a&eacute;reas de poss&iacute;veis secre&ccedil;&otilde;es.<\/p>\n<p>&nbsp;<\/p>\n<p dir=\"ltr\"><strong>Tratamento domiciliar na fisioterapia p&oacute;s-Covid<\/strong><\/p>\n<p dir=\"ltr\">Um dos diferenciais da <strong>Cl&iacute;nica Progredir<\/strong> est&aacute; no tratamento domiciliar. Pessoas com dificuldade de locomo&ccedil;&atilde;o podem entrar em contato conosco e agendar esse servi&ccedil;o, que nossos profissionais realizam com a mesma qualidade o tratamento na casa do paciente.<\/p>\n<p dir=\"ltr\">De forma personalizada, o tratamento &eacute; pensado de acordo com as necessidades de cada pessoa. Levamos todos os equipamentos necess&aacute;rios para realizar um tratamento de acordo com o planejado por nossa equipe de fisioterapeutas.<\/p>\n<p dir=\"ltr\">Para conhecer mais sobre a fisioterapia da <strong>Cl&iacute;nica Progredir<\/strong> e o atendimento domiciliar, entre em contato agora mesmo!<\/p>\n<p dir=\"ltr\">&nbsp;<\/p>\n<p dir=\"ltr\"><strong>Cl&iacute;nica Progredir<\/strong><\/p>\n<p dir=\"ltr\">Endere&ccedil;o: Avenida Portugal, 1629 &#8211; cj. 22\/23 &#8211; S&atilde;o Paulo &#8211; SP<\/p>\n<p dir=\"ltr\">Telefone: (11) 2619-8001<\/p>\n<p dir=\"ltr\">WhatsApp: (11) 99143-9969<\/p>\n","protected":false},"excerpt":{"rendered":"<p>O Coronav&iacute;rus mudou a forma como enxergamos o mundo e o cen&aacute;rio da sa&uacute;de mundial foi transformado desde o surgimento da doen&ccedil;a, no final de 2019. Milh&otilde;es de pessoas j&aacute; foram acometidas pela Covid-19, e o sistema respirat&oacute;rio &eacute; o mais afetado por essa doen&ccedil;a. Os sintomas s&atilde;o variados, indo dos mais comuns e leves [&hellip;]<\/p>\n","protected":false},"author":1,"featured_media":0,"comment_status":"open","ping_status":"open","sticky":false,"template":"","format":"image","meta":{"inline_featured_image":false,"footnotes":""},"categories":[59],"tags":[],"class_list":["post-2379","post","type-post","status-publish","format-image","hentry","category-noticias","post_format-post-format-image"],"yoast_head":"<!-- This site is optimized with the Yoast SEO plugin v24.5 - https:\/\/yoast.com\/wordpress\/plugins\/seo\/ -->\n<title>O p\u00f3s-Covid e a import\u00e2ncia da fisioterapia motora e respirat\u00f3ria - Progredir Fisioterapia e Reabilita\u00e7\u00e3o - Cl\u00ednica Progredir<\/title>\n<meta name=\"robots\" content=\"index, follow, max-snippet:-1, max-image-preview:large, max-video-preview:-1\" \/>\n<link rel=\"canonical\" href=\"https:\/\/www.clinicaprogredir.com.br\/index.php\/2024\/05\/23\/noticias\/o-pos-covid-e-a-importancia-da-fisioterapia-motora-e-respiratoria\/\" \/>\n<meta property=\"og:locale\" content=\"pt_BR\" \/>\n<meta property=\"og:type\" content=\"article\" \/>\n<meta property=\"og:title\" content=\"O p\u00f3s-Covid e a import\u00e2ncia da fisioterapia motora e respirat\u00f3ria - Progredir Fisioterapia e Reabilita\u00e7\u00e3o - Cl\u00ednica Progredir\" \/>\n<meta property=\"og:description\" content=\"O Coronav&iacute;rus mudou a forma como enxergamos o mundo e o cen&aacute;rio da sa&uacute;de mundial foi transformado desde o surgimento da doen&ccedil;a, no final de 2019. Milh&otilde;es de pessoas j&aacute; foram acometidas pela Covid-19, e o sistema respirat&oacute;rio &eacute; o mais afetado por essa doen&ccedil;a. Os sintomas s&atilde;o variados, indo dos mais comuns e leves [&hellip;]\" \/>\n<meta property=\"og:url\" content=\"https:\/\/www.clinicaprogredir.com.br\/index.php\/2024\/05\/23\/noticias\/o-pos-covid-e-a-importancia-da-fisioterapia-motora-e-respiratoria\/\" \/>\n<meta property=\"og:site_name\" content=\"Progredir Fisioterapia e Reabilita\u00e7\u00e3o - Cl\u00ednica Progredir\" \/>\n<meta property=\"article:published_time\" content=\"2024-05-23T12:48:57+00:00\" \/>\n<meta property=\"article:modified_time\" content=\"2024-05-23T14:46:50+00:00\" \/>\n<meta name=\"author\" content=\"baloodesign\" \/>\n<meta name=\"twitter:card\" content=\"summary_large_image\" \/>\n<meta name=\"twitter:label1\" content=\"Escrito por\" \/>\n\t<meta name=\"twitter:data1\" content=\"baloodesign\" \/>\n\t<meta name=\"twitter:label2\" content=\"Est. tempo de leitura\" \/>\n\t<meta name=\"twitter:data2\" content=\"4 minutos\" \/>\n<script type=\"application\/ld+json\" class=\"yoast-schema-graph\">{\"@context\":\"https:\/\/schema.org\",\"@graph\":[{\"@type\":\"WebPage\",\"@id\":\"https:\/\/www.clinicaprogredir.com.br\/index.php\/2024\/05\/23\/noticias\/o-pos-covid-e-a-importancia-da-fisioterapia-motora-e-respiratoria\/\",\"url\":\"https:\/\/www.clinicaprogredir.com.br\/index.php\/2024\/05\/23\/noticias\/o-pos-covid-e-a-importancia-da-fisioterapia-motora-e-respiratoria\/\",\"name\":\"O p\u00f3s-Covid e a import\u00e2ncia da fisioterapia motora e respirat\u00f3ria - Progredir Fisioterapia e Reabilita\u00e7\u00e3o - Cl\u00ednica Progredir\",\"isPartOf\":{\"@id\":\"https:\/\/www.clinicaprogredir.com.br\/#website\"},\"datePublished\":\"2024-05-23T12:48:57+00:00\",\"dateModified\":\"2024-05-23T14:46:50+00:00\",\"author\":{\"@id\":\"https:\/\/www.clinicaprogredir.com.br\/#\/schema\/person\/9b800bb3d93c54f7c09bc27cf913c155\"},\"breadcrumb\":{\"@id\":\"https:\/\/www.clinicaprogredir.com.br\/index.php\/2024\/05\/23\/noticias\/o-pos-covid-e-a-importancia-da-fisioterapia-motora-e-respiratoria\/#breadcrumb\"},\"inLanguage\":\"pt-BR\",\"potentialAction\":[{\"@type\":\"ReadAction\",\"target\":[\"https:\/\/www.clinicaprogredir.com.br\/index.php\/2024\/05\/23\/noticias\/o-pos-covid-e-a-importancia-da-fisioterapia-motora-e-respiratoria\/\"]}]},{\"@type\":\"BreadcrumbList\",\"@id\":\"https:\/\/www.clinicaprogredir.com.br\/index.php\/2024\/05\/23\/noticias\/o-pos-covid-e-a-importancia-da-fisioterapia-motora-e-respiratoria\/#breadcrumb\",\"itemListElement\":[{\"@type\":\"ListItem\",\"position\":1,\"name\":\"In\u00edcio\",\"item\":\"https:\/\/www.clinicaprogredir.com.br\/\"},{\"@type\":\"ListItem\",\"position\":2,\"name\":\"O p\u00f3s-Covid e a import\u00e2ncia da fisioterapia motora e respirat\u00f3ria\"}]},{\"@type\":\"WebSite\",\"@id\":\"https:\/\/www.clinicaprogredir.com.br\/#website\",\"url\":\"https:\/\/www.clinicaprogredir.com.br\/\",\"name\":\"Progredir Fisioterapia e Reabilita\u00e7\u00e3o - Cl\u00ednica Progredir\",\"description\":\"A Progredir Fisioterapia e Reabilita\u00e7\u00e3o \u00e9 uma cl\u00ednica especializada que h\u00e1 mais de 15 anos trabalha na recupera\u00e7\u00e3o de pacientes neurol\u00f3gicos e ortop\u00e9dicos, fazendo com que seu tratamento ocorra sempre da forma mais simples e eficaz poss\u00edvel.\",\"potentialAction\":[{\"@type\":\"SearchAction\",\"target\":{\"@type\":\"EntryPoint\",\"urlTemplate\":\"https:\/\/www.clinicaprogredir.com.br\/?s={search_term_string}\"},\"query-input\":{\"@type\":\"PropertyValueSpecification\",\"valueRequired\":true,\"valueName\":\"search_term_string\"}}],\"inLanguage\":\"pt-BR\"},{\"@type\":\"Person\",\"@id\":\"https:\/\/www.clinicaprogredir.com.br\/#\/schema\/person\/9b800bb3d93c54f7c09bc27cf913c155\",\"name\":\"baloodesign\",\"sameAs\":[\"https:\/\/publicidadejundiai.com.br\/progredir\"],\"url\":\"https:\/\/www.clinicaprogredir.com.br\/index.php\/author\/baloodesign\/\"}]}<\/script>\n<!-- \/ Yoast SEO plugin. -->","yoast_head_json":{"title":"O p\u00f3s-Covid e a import\u00e2ncia da fisioterapia motora e respirat\u00f3ria - Progredir Fisioterapia e Reabilita\u00e7\u00e3o - Cl\u00ednica Progredir","robots":{"index":"index","follow":"follow","max-snippet":"max-snippet:-1","max-image-preview":"max-image-preview:large","max-video-preview":"max-video-preview:-1"},"canonical":"https:\/\/www.clinicaprogredir.com.br\/index.php\/2024\/05\/23\/noticias\/o-pos-covid-e-a-importancia-da-fisioterapia-motora-e-respiratoria\/","og_locale":"pt_BR","og_type":"article","og_title":"O p\u00f3s-Covid e a import\u00e2ncia da fisioterapia motora e respirat\u00f3ria - Progredir Fisioterapia e Reabilita\u00e7\u00e3o - Cl\u00ednica Progredir","og_description":"O Coronav&iacute;rus mudou a forma como enxergamos o mundo e o cen&aacute;rio da sa&uacute;de mundial foi transformado desde o surgimento da doen&ccedil;a, no final de 2019. Milh&otilde;es de pessoas j&aacute; foram acometidas pela Covid-19, e o sistema respirat&oacute;rio &eacute; o mais afetado por essa doen&ccedil;a. Os sintomas s&atilde;o variados, indo dos mais comuns e leves [&hellip;]","og_url":"https:\/\/www.clinicaprogredir.com.br\/index.php\/2024\/05\/23\/noticias\/o-pos-covid-e-a-importancia-da-fisioterapia-motora-e-respiratoria\/","og_site_name":"Progredir Fisioterapia e Reabilita\u00e7\u00e3o - Cl\u00ednica Progredir","article_published_time":"2024-05-23T12:48:57+00:00","article_modified_time":"2024-05-23T14:46:50+00:00","author":"baloodesign","twitter_card":"summary_large_image","twitter_misc":{"Escrito por":"baloodesign","Est. tempo de leitura":"4 minutos"},"schema":{"@context":"https:\/\/schema.org","@graph":[{"@type":"WebPage","@id":"https:\/\/www.clinicaprogredir.com.br\/index.php\/2024\/05\/23\/noticias\/o-pos-covid-e-a-importancia-da-fisioterapia-motora-e-respiratoria\/","url":"https:\/\/www.clinicaprogredir.com.br\/index.php\/2024\/05\/23\/noticias\/o-pos-covid-e-a-importancia-da-fisioterapia-motora-e-respiratoria\/","name":"O p\u00f3s-Covid e a import\u00e2ncia da fisioterapia motora e respirat\u00f3ria - Progredir Fisioterapia e Reabilita\u00e7\u00e3o - Cl\u00ednica Progredir","isPartOf":{"@id":"https:\/\/www.clinicaprogredir.com.br\/#website"},"datePublished":"2024-05-23T12:48:57+00:00","dateModified":"2024-05-23T14:46:50+00:00","author":{"@id":"https:\/\/www.clinicaprogredir.com.br\/#\/schema\/person\/9b800bb3d93c54f7c09bc27cf913c155"},"breadcrumb":{"@id":"https:\/\/www.clinicaprogredir.com.br\/index.php\/2024\/05\/23\/noticias\/o-pos-covid-e-a-importancia-da-fisioterapia-motora-e-respiratoria\/#breadcrumb"},"inLanguage":"pt-BR","potentialAction":[{"@type":"ReadAction","target":["https:\/\/www.clinicaprogredir.com.br\/index.php\/2024\/05\/23\/noticias\/o-pos-covid-e-a-importancia-da-fisioterapia-motora-e-respiratoria\/"]}]},{"@type":"BreadcrumbList","@id":"https:\/\/www.clinicaprogredir.com.br\/index.php\/2024\/05\/23\/noticias\/o-pos-covid-e-a-importancia-da-fisioterapia-motora-e-respiratoria\/#breadcrumb","itemListElement":[{"@type":"ListItem","position":1,"name":"In\u00edcio","item":"https:\/\/www.clinicaprogredir.com.br\/"},{"@type":"ListItem","position":2,"name":"O p\u00f3s-Covid e a import\u00e2ncia da fisioterapia motora e respirat\u00f3ria"}]},{"@type":"WebSite","@id":"https:\/\/www.clinicaprogredir.com.br\/#website","url":"https:\/\/www.clinicaprogredir.com.br\/","name":"Progredir Fisioterapia e Reabilita\u00e7\u00e3o - Cl\u00ednica Progredir","description":"A Progredir Fisioterapia e Reabilita\u00e7\u00e3o \u00e9 uma cl\u00ednica especializada que h\u00e1 mais de 15 anos trabalha na recupera\u00e7\u00e3o de pacientes neurol\u00f3gicos e ortop\u00e9dicos, fazendo com que seu tratamento ocorra sempre da forma mais simples e eficaz poss\u00edvel.","potentialAction":[{"@type":"SearchAction","target":{"@type":"EntryPoint","urlTemplate":"https:\/\/www.clinicaprogredir.com.br\/?s={search_term_string}"},"query-input":{"@type":"PropertyValueSpecification","valueRequired":true,"valueName":"search_term_string"}}],"inLanguage":"pt-BR"},{"@type":"Person","@id":"https:\/\/www.clinicaprogredir.com.br\/#\/schema\/person\/9b800bb3d93c54f7c09bc27cf913c155","name":"baloodesign","sameAs":["https:\/\/publicidadejundiai.com.br\/progredir"],"url":"https:\/\/www.clinicaprogredir.com.br\/index.php\/author\/baloodesign\/"}]}},"_links":{"self":[{"href":"https:\/\/www.clinicaprogredir.com.br\/index.php\/wp-json\/wp\/v2\/posts\/2379","targetHints":{"allow":["GET"]}}],"collection":[{"href":"https:\/\/www.clinicaprogredir.com.br\/index.php\/wp-json\/wp\/v2\/posts"}],"about":[{"href":"https:\/\/www.clinicaprogredir.com.br\/index.php\/wp-json\/wp\/v2\/types\/post"}],"author":[{"embeddable":true,"href":"https:\/\/www.clinicaprogredir.com.br\/index.php\/wp-json\/wp\/v2\/users\/1"}],"replies":[{"embeddable":true,"href":"https:\/\/www.clinicaprogredir.com.br\/index.php\/wp-json\/wp\/v2\/comments?post=2379"}],"version-history":[{"count":1,"href":"https:\/\/www.clinicaprogredir.com.br\/index.php\/wp-json\/wp\/v2\/posts\/2379\/revisions"}],"predecessor-version":[{"id":2493,"href":"https:\/\/www.clinicaprogredir.com.br\/index.php\/wp-json\/wp\/v2\/posts\/2379\/revisions\/2493"}],"wp:attachment":[{"href":"https:\/\/www.clinicaprogredir.com.br\/index.php\/wp-json\/wp\/v2\/media?parent=2379"}],"wp:term":[{"taxonomy":"category","embeddable":true,"href":"https:\/\/www.clinicaprogredir.com.br\/index.php\/wp-json\/wp\/v2\/categories?post=2379"},{"taxonomy":"post_tag","embeddable":true,"href":"https:\/\/www.clinicaprogredir.com.br\/index.php\/wp-json\/wp\/v2\/tags?post=2379"}],"curies":[{"name":"wp","href":"https:\/\/api.w.org\/{rel}","templated":true}]}}