{"id":2382,"date":"2024-05-23T09:48:57","date_gmt":"2024-05-23T12:48:57","guid":{"rendered":"https:\/\/www.clinicaprogredir.com.br\/?p=2382"},"modified":"2024-05-23T11:46:50","modified_gmt":"2024-05-23T14:46:50","slug":"confira-como-a-fisioterapia-respiratoria-pode-atuar-no-combate-ao-covid-e-outros-problemas","status":"publish","type":"post","link":"https:\/\/www.clinicaprogredir.com.br\/index.php\/2024\/05\/23\/noticias\/confira-como-a-fisioterapia-respiratoria-pode-atuar-no-combate-ao-covid-e-outros-problemas\/","title":{"rendered":"Confira como a fisioterapia respirat\u00f3ria pode atuar no combate ao Covid e outros problemas"},"content":{"rendered":"<p dir=\"ltr\">Uma dos problemas que a Covid-19 causa no organismo &eacute; a dificuldade de respira&ccedil;&atilde;o, exigindo a atua&ccedil;&atilde;o da fisioterapia respirat&oacute;ria mesmo para alguns casos mais leves.&nbsp;<\/p>\n<p dir=\"ltr\">Desde o in&iacute;cio da pandemia da Covid-19, o fisioterapeuta tem atuado na linha de frente, em hospitais com pacientes internados ou ap&oacute;s os mesmos receberem alta.<\/p>\n<p dir=\"ltr\">Melhorar o fornecimento de oxig&ecirc;nio para todo o organismo &eacute; um dos principais objetivos da fisioterapia respirat&oacute;ria. Al&eacute;m de ajudar com pacientes que se recuperam de Covid, o profissional pode atuar em diferentes &aacute;reas. Veja a seguir alguns exemplos da atua&ccedil;&atilde;o da fisioterapia respirat&oacute;ria.<\/p>\n<p dir=\"ltr\"><strong>1 &#8211; Fisioterapia respirat&oacute;ria ambulatorial<\/strong><\/p>\n<p dir=\"ltr\">Tamb&eacute;m conhecida como a fisioterapia respirat&oacute;ria praticada em cl&iacute;nicas. Ela trata e ajuda a prevenir doen&ccedil;as como asma ou bronquite, por exemplo. O tempo de tratamento depende do diagn&oacute;stico e da orienta&ccedil;&atilde;o m&eacute;dica, com sess&otilde;es que podem ser realizadas de 1 a 2 vezes por semana at&eacute; um tempo indeterminado, at&eacute; que o paciente tenha sua capacidade respirat&oacute;ria normalizada.<\/p>\n<p dir=\"ltr\"><strong>2 &#8211; Fisioterapia respirat&oacute;ria em pediatria<\/strong><\/p>\n<p dir=\"ltr\">Beb&ecirc;s e crian&ccedil;as tamb&eacute;m est&atilde;o sujeitos aos surgimento de doen&ccedil;as respirat&oacute;rias, como pneumonia e bronquiolite, ent&atilde;o a fisioterapia respirat&oacute;ria tamb&eacute;m &eacute; indicada para ser realizada na inf&acirc;ncia, melhorando a troca gasosa dos pacientes e facilitando a sua respira&ccedil;&atilde;o.<\/p>\n<p dir=\"ltr\"><strong>3 &#8211; Fisioterapia respirat&oacute;ria hospitalar<\/strong><\/p>\n<p dir=\"ltr\">Essa &aacute;rea da atua&ccedil;&atilde;o da fisioterapia respirat&oacute;ria &eacute; a que temos visto bastante nestes &uacute;ltimos meses, por causa da pandemia da Covid-19. Ela &eacute; praticada no hospital, com os pacientes internados.<\/p>\n<p dir=\"ltr\">Mesmo que o paciente n&atilde;o esteja hospitalizado com alguma doen&ccedil;a respirat&oacute;ria, &eacute; importante a atua&ccedil;&atilde;o da fisioterapia respirat&oacute;ria para prevenir o aparecimento de qualquer problema nos pulm&otilde;es. Al&eacute;m disso, &eacute; indicado tamb&eacute;m a fisioterapia motora para quem est&aacute; acamado, durante o internamento.&nbsp;<\/p>\n<p dir=\"ltr\"><strong>4 &#8211; Fisioterapia respirat&oacute;ria domiciliar<\/strong><\/p>\n<p dir=\"ltr\">Muitos pacientes que estiveram internados no hospital e receberam alta ainda est&atilde;o em fase de recupera&ccedil;&atilde;o de problemas respirat&oacute;rios, necessitando continuar com o tratamento da fisioterapia respirat&oacute;ria.<\/p>\n<p dir=\"ltr\">O profissional da fisioterapia vai adequar o tratamento de acordo com a condi&ccedil;&atilde;o de cada paciente, passando quais os exerc&iacute;cios devem ser feitos para obter a qualidade de respira&ccedil;&atilde;o recuperada.&nbsp;&nbsp;<\/p>\n<p dir=\"ltr\">Como podemos ver, a fisioterapia respirat&oacute;ria &eacute; bastante &uacute;til para quem se recupera de Covid ou para quem tem (ou j&aacute; teve) outros problemas respirat&oacute;rios.<\/p>\n<p dir=\"ltr\">Na <strong>Cl&iacute;nica Progredir<\/strong>, voc&ecirc; pode saber mais sobre os tratamentos e todas os benef&iacute;cios da fisioterapia respirat&oacute;ria. Entre em contato!<\/p>\n<p dir=\"ltr\">&nbsp;<\/p>\n<p dir=\"ltr\"><strong>Cl&iacute;nica Progredir<\/strong><\/p>\n<p dir=\"ltr\">Endere&ccedil;o: Avenida Portugal, 1629 &#8211; cj. 22\/23 &#8211; S&atilde;o Paulo &#8211; SP<\/p>\n<p dir=\"ltr\">Telefone: (11) 2619-8001<\/p>\n<p dir=\"ltr\">WhatsApp: (11) 99143-9969<\/p>\n<p dir=\"ltr\">&nbsp;<\/p>\n","protected":false},"excerpt":{"rendered":"<p>Uma dos problemas que a Covid-19 causa no organismo &eacute; a dificuldade de respira&ccedil;&atilde;o, exigindo a atua&ccedil;&atilde;o da fisioterapia respirat&oacute;ria mesmo para alguns casos mais leves.&nbsp; Desde o in&iacute;cio da pandemia da Covid-19, o fisioterapeuta tem atuado na linha de frente, em hospitais com pacientes internados ou ap&oacute;s os mesmos receberem alta. Melhorar o fornecimento [&hellip;]<\/p>\n","protected":false},"author":1,"featured_media":0,"comment_status":"open","ping_status":"open","sticky":false,"template":"","format":"image","meta":{"inline_featured_image":false,"footnotes":""},"categories":[59],"tags":[],"class_list":["post-2382","post","type-post","status-publish","format-image","hentry","category-noticias","post_format-post-format-image"],"yoast_head":"<!-- This site is optimized with the Yoast SEO plugin v24.5 - https:\/\/yoast.com\/wordpress\/plugins\/seo\/ -->\n<title>Confira como a fisioterapia respirat\u00f3ria pode atuar no combate ao Covid e outros problemas - Progredir Fisioterapia e Reabilita\u00e7\u00e3o - Cl\u00ednica Progredir<\/title>\n<meta name=\"robots\" content=\"index, follow, max-snippet:-1, max-image-preview:large, max-video-preview:-1\" \/>\n<link rel=\"canonical\" href=\"https:\/\/www.clinicaprogredir.com.br\/index.php\/2024\/05\/23\/noticias\/confira-como-a-fisioterapia-respiratoria-pode-atuar-no-combate-ao-covid-e-outros-problemas\/\" \/>\n<meta property=\"og:locale\" content=\"pt_BR\" \/>\n<meta property=\"og:type\" content=\"article\" \/>\n<meta property=\"og:title\" content=\"Confira como a fisioterapia respirat\u00f3ria pode atuar no combate ao Covid e outros problemas - Progredir Fisioterapia e Reabilita\u00e7\u00e3o - Cl\u00ednica Progredir\" \/>\n<meta property=\"og:description\" content=\"Uma dos problemas que a Covid-19 causa no organismo &eacute; a dificuldade de respira&ccedil;&atilde;o, exigindo a atua&ccedil;&atilde;o da fisioterapia respirat&oacute;ria mesmo para alguns casos mais leves.&nbsp; Desde o in&iacute;cio da pandemia da Covid-19, o fisioterapeuta tem atuado na linha de frente, em hospitais com pacientes internados ou ap&oacute;s os mesmos receberem alta. Melhorar o fornecimento [&hellip;]\" \/>\n<meta property=\"og:url\" content=\"https:\/\/www.clinicaprogredir.com.br\/index.php\/2024\/05\/23\/noticias\/confira-como-a-fisioterapia-respiratoria-pode-atuar-no-combate-ao-covid-e-outros-problemas\/\" \/>\n<meta property=\"og:site_name\" content=\"Progredir Fisioterapia e Reabilita\u00e7\u00e3o - Cl\u00ednica Progredir\" \/>\n<meta property=\"article:published_time\" content=\"2024-05-23T12:48:57+00:00\" \/>\n<meta property=\"article:modified_time\" content=\"2024-05-23T14:46:50+00:00\" \/>\n<meta name=\"author\" content=\"baloodesign\" \/>\n<meta name=\"twitter:card\" content=\"summary_large_image\" \/>\n<meta name=\"twitter:label1\" content=\"Escrito por\" \/>\n\t<meta name=\"twitter:data1\" content=\"baloodesign\" \/>\n\t<meta name=\"twitter:label2\" content=\"Est. tempo de leitura\" \/>\n\t<meta name=\"twitter:data2\" content=\"3 minutos\" \/>\n<script type=\"application\/ld+json\" class=\"yoast-schema-graph\">{\"@context\":\"https:\/\/schema.org\",\"@graph\":[{\"@type\":\"WebPage\",\"@id\":\"https:\/\/www.clinicaprogredir.com.br\/index.php\/2024\/05\/23\/noticias\/confira-como-a-fisioterapia-respiratoria-pode-atuar-no-combate-ao-covid-e-outros-problemas\/\",\"url\":\"https:\/\/www.clinicaprogredir.com.br\/index.php\/2024\/05\/23\/noticias\/confira-como-a-fisioterapia-respiratoria-pode-atuar-no-combate-ao-covid-e-outros-problemas\/\",\"name\":\"Confira como a fisioterapia respirat\u00f3ria pode atuar no combate ao Covid e outros problemas - Progredir Fisioterapia e Reabilita\u00e7\u00e3o - Cl\u00ednica Progredir\",\"isPartOf\":{\"@id\":\"https:\/\/www.clinicaprogredir.com.br\/#website\"},\"datePublished\":\"2024-05-23T12:48:57+00:00\",\"dateModified\":\"2024-05-23T14:46:50+00:00\",\"author\":{\"@id\":\"https:\/\/www.clinicaprogredir.com.br\/#\/schema\/person\/9b800bb3d93c54f7c09bc27cf913c155\"},\"breadcrumb\":{\"@id\":\"https:\/\/www.clinicaprogredir.com.br\/index.php\/2024\/05\/23\/noticias\/confira-como-a-fisioterapia-respiratoria-pode-atuar-no-combate-ao-covid-e-outros-problemas\/#breadcrumb\"},\"inLanguage\":\"pt-BR\",\"potentialAction\":[{\"@type\":\"ReadAction\",\"target\":[\"https:\/\/www.clinicaprogredir.com.br\/index.php\/2024\/05\/23\/noticias\/confira-como-a-fisioterapia-respiratoria-pode-atuar-no-combate-ao-covid-e-outros-problemas\/\"]}]},{\"@type\":\"BreadcrumbList\",\"@id\":\"https:\/\/www.clinicaprogredir.com.br\/index.php\/2024\/05\/23\/noticias\/confira-como-a-fisioterapia-respiratoria-pode-atuar-no-combate-ao-covid-e-outros-problemas\/#breadcrumb\",\"itemListElement\":[{\"@type\":\"ListItem\",\"position\":1,\"name\":\"In\u00edcio\",\"item\":\"https:\/\/www.clinicaprogredir.com.br\/\"},{\"@type\":\"ListItem\",\"position\":2,\"name\":\"Confira como a fisioterapia respirat\u00f3ria pode atuar no combate ao Covid e outros problemas\"}]},{\"@type\":\"WebSite\",\"@id\":\"https:\/\/www.clinicaprogredir.com.br\/#website\",\"url\":\"https:\/\/www.clinicaprogredir.com.br\/\",\"name\":\"Progredir Fisioterapia e Reabilita\u00e7\u00e3o - Cl\u00ednica Progredir\",\"description\":\"A Progredir Fisioterapia e Reabilita\u00e7\u00e3o \u00e9 uma cl\u00ednica especializada que h\u00e1 mais de 15 anos trabalha na recupera\u00e7\u00e3o de pacientes neurol\u00f3gicos e ortop\u00e9dicos, fazendo com que seu tratamento ocorra sempre da forma mais simples e eficaz poss\u00edvel.\",\"potentialAction\":[{\"@type\":\"SearchAction\",\"target\":{\"@type\":\"EntryPoint\",\"urlTemplate\":\"https:\/\/www.clinicaprogredir.com.br\/?s={search_term_string}\"},\"query-input\":{\"@type\":\"PropertyValueSpecification\",\"valueRequired\":true,\"valueName\":\"search_term_string\"}}],\"inLanguage\":\"pt-BR\"},{\"@type\":\"Person\",\"@id\":\"https:\/\/www.clinicaprogredir.com.br\/#\/schema\/person\/9b800bb3d93c54f7c09bc27cf913c155\",\"name\":\"baloodesign\",\"sameAs\":[\"https:\/\/publicidadejundiai.com.br\/progredir\"],\"url\":\"https:\/\/www.clinicaprogredir.com.br\/index.php\/author\/baloodesign\/\"}]}<\/script>\n<!-- \/ Yoast SEO plugin. -->","yoast_head_json":{"title":"Confira como a fisioterapia respirat\u00f3ria pode atuar no combate ao Covid e outros problemas - Progredir Fisioterapia e Reabilita\u00e7\u00e3o - Cl\u00ednica Progredir","robots":{"index":"index","follow":"follow","max-snippet":"max-snippet:-1","max-image-preview":"max-image-preview:large","max-video-preview":"max-video-preview:-1"},"canonical":"https:\/\/www.clinicaprogredir.com.br\/index.php\/2024\/05\/23\/noticias\/confira-como-a-fisioterapia-respiratoria-pode-atuar-no-combate-ao-covid-e-outros-problemas\/","og_locale":"pt_BR","og_type":"article","og_title":"Confira como a fisioterapia respirat\u00f3ria pode atuar no combate ao Covid e outros problemas - Progredir Fisioterapia e Reabilita\u00e7\u00e3o - Cl\u00ednica Progredir","og_description":"Uma dos problemas que a Covid-19 causa no organismo &eacute; a dificuldade de respira&ccedil;&atilde;o, exigindo a atua&ccedil;&atilde;o da fisioterapia respirat&oacute;ria mesmo para alguns casos mais leves.&nbsp; Desde o in&iacute;cio da pandemia da Covid-19, o fisioterapeuta tem atuado na linha de frente, em hospitais com pacientes internados ou ap&oacute;s os mesmos receberem alta. Melhorar o fornecimento [&hellip;]","og_url":"https:\/\/www.clinicaprogredir.com.br\/index.php\/2024\/05\/23\/noticias\/confira-como-a-fisioterapia-respiratoria-pode-atuar-no-combate-ao-covid-e-outros-problemas\/","og_site_name":"Progredir Fisioterapia e Reabilita\u00e7\u00e3o - Cl\u00ednica Progredir","article_published_time":"2024-05-23T12:48:57+00:00","article_modified_time":"2024-05-23T14:46:50+00:00","author":"baloodesign","twitter_card":"summary_large_image","twitter_misc":{"Escrito por":"baloodesign","Est. tempo de leitura":"3 minutos"},"schema":{"@context":"https:\/\/schema.org","@graph":[{"@type":"WebPage","@id":"https:\/\/www.clinicaprogredir.com.br\/index.php\/2024\/05\/23\/noticias\/confira-como-a-fisioterapia-respiratoria-pode-atuar-no-combate-ao-covid-e-outros-problemas\/","url":"https:\/\/www.clinicaprogredir.com.br\/index.php\/2024\/05\/23\/noticias\/confira-como-a-fisioterapia-respiratoria-pode-atuar-no-combate-ao-covid-e-outros-problemas\/","name":"Confira como a fisioterapia respirat\u00f3ria pode atuar no combate ao Covid e outros problemas - Progredir Fisioterapia e Reabilita\u00e7\u00e3o - Cl\u00ednica Progredir","isPartOf":{"@id":"https:\/\/www.clinicaprogredir.com.br\/#website"},"datePublished":"2024-05-23T12:48:57+00:00","dateModified":"2024-05-23T14:46:50+00:00","author":{"@id":"https:\/\/www.clinicaprogredir.com.br\/#\/schema\/person\/9b800bb3d93c54f7c09bc27cf913c155"},"breadcrumb":{"@id":"https:\/\/www.clinicaprogredir.com.br\/index.php\/2024\/05\/23\/noticias\/confira-como-a-fisioterapia-respiratoria-pode-atuar-no-combate-ao-covid-e-outros-problemas\/#breadcrumb"},"inLanguage":"pt-BR","potentialAction":[{"@type":"ReadAction","target":["https:\/\/www.clinicaprogredir.com.br\/index.php\/2024\/05\/23\/noticias\/confira-como-a-fisioterapia-respiratoria-pode-atuar-no-combate-ao-covid-e-outros-problemas\/"]}]},{"@type":"BreadcrumbList","@id":"https:\/\/www.clinicaprogredir.com.br\/index.php\/2024\/05\/23\/noticias\/confira-como-a-fisioterapia-respiratoria-pode-atuar-no-combate-ao-covid-e-outros-problemas\/#breadcrumb","itemListElement":[{"@type":"ListItem","position":1,"name":"In\u00edcio","item":"https:\/\/www.clinicaprogredir.com.br\/"},{"@type":"ListItem","position":2,"name":"Confira como a fisioterapia respirat\u00f3ria pode atuar no combate ao Covid e outros problemas"}]},{"@type":"WebSite","@id":"https:\/\/www.clinicaprogredir.com.br\/#website","url":"https:\/\/www.clinicaprogredir.com.br\/","name":"Progredir Fisioterapia e Reabilita\u00e7\u00e3o - Cl\u00ednica Progredir","description":"A Progredir Fisioterapia e Reabilita\u00e7\u00e3o \u00e9 uma cl\u00ednica especializada que h\u00e1 mais de 15 anos trabalha na recupera\u00e7\u00e3o de pacientes neurol\u00f3gicos e ortop\u00e9dicos, fazendo com que seu tratamento ocorra sempre da forma mais simples e eficaz poss\u00edvel.","potentialAction":[{"@type":"SearchAction","target":{"@type":"EntryPoint","urlTemplate":"https:\/\/www.clinicaprogredir.com.br\/?s={search_term_string}"},"query-input":{"@type":"PropertyValueSpecification","valueRequired":true,"valueName":"search_term_string"}}],"inLanguage":"pt-BR"},{"@type":"Person","@id":"https:\/\/www.clinicaprogredir.com.br\/#\/schema\/person\/9b800bb3d93c54f7c09bc27cf913c155","name":"baloodesign","sameAs":["https:\/\/publicidadejundiai.com.br\/progredir"],"url":"https:\/\/www.clinicaprogredir.com.br\/index.php\/author\/baloodesign\/"}]}},"_links":{"self":[{"href":"https:\/\/www.clinicaprogredir.com.br\/index.php\/wp-json\/wp\/v2\/posts\/2382","targetHints":{"allow":["GET"]}}],"collection":[{"href":"https:\/\/www.clinicaprogredir.com.br\/index.php\/wp-json\/wp\/v2\/posts"}],"about":[{"href":"https:\/\/www.clinicaprogredir.com.br\/index.php\/wp-json\/wp\/v2\/types\/post"}],"author":[{"embeddable":true,"href":"https:\/\/www.clinicaprogredir.com.br\/index.php\/wp-json\/wp\/v2\/users\/1"}],"replies":[{"embeddable":true,"href":"https:\/\/www.clinicaprogredir.com.br\/index.php\/wp-json\/wp\/v2\/comments?post=2382"}],"version-history":[{"count":1,"href":"https:\/\/www.clinicaprogredir.com.br\/index.php\/wp-json\/wp\/v2\/posts\/2382\/revisions"}],"predecessor-version":[{"id":2489,"href":"https:\/\/www.clinicaprogredir.com.br\/index.php\/wp-json\/wp\/v2\/posts\/2382\/revisions\/2489"}],"wp:attachment":[{"href":"https:\/\/www.clinicaprogredir.com.br\/index.php\/wp-json\/wp\/v2\/media?parent=2382"}],"wp:term":[{"taxonomy":"category","embeddable":true,"href":"https:\/\/www.clinicaprogredir.com.br\/index.php\/wp-json\/wp\/v2\/categories?post=2382"},{"taxonomy":"post_tag","embeddable":true,"href":"https:\/\/www.clinicaprogredir.com.br\/index.php\/wp-json\/wp\/v2\/tags?post=2382"}],"curies":[{"name":"wp","href":"https:\/\/api.w.org\/{rel}","templated":true}]}}