{"id":2389,"date":"2024-05-23T09:48:57","date_gmt":"2024-05-23T12:48:57","guid":{"rendered":"https:\/\/www.clinicaprogredir.com.br\/?p=2389"},"modified":"2024-05-23T11:46:50","modified_gmt":"2024-05-23T14:46:50","slug":"a-fisioterapia-respiratoria-e-a-prevencao-e-tratamento-de-doencas","status":"publish","type":"post","link":"https:\/\/www.clinicaprogredir.com.br\/index.php\/2024\/05\/23\/noticias\/a-fisioterapia-respiratoria-e-a-prevencao-e-tratamento-de-doencas\/","title":{"rendered":"A fisioterapia respirat\u00f3ria e a preven\u00e7\u00e3o e tratamento de doen\u00e7as"},"content":{"rendered":"<p><span style=\"font-weight: 400;\">Tratar e prevenir diferentes tipos de doen\u00e7as que afetam o sistema respirat\u00f3rio \u00e9 o grande objetivo da fisioterapia respirat\u00f3ria.<\/span><\/p>\n<p><span style=\"font-weight: 400;\">Essa especialidade da fisioterapia utiliza exerc\u00edcios respirat\u00f3rios para melhorar o fornecimento de oxig\u00eanio para o organismo. Muitas vezes, as vias respirat\u00f3rias do paciente est\u00e3o obstru\u00eddas e o pulm\u00e3o n\u00e3o est\u00e1 com boa capacidade de ventila\u00e7\u00e3o. Com a fisioterapia respirat\u00f3ria, o profissional vai trabalhar para devolver a qualidade de vida ao paciente.\u00a0<\/span><\/p>\n<p><span style=\"font-weight: 400;\">Crian\u00e7as e adultos pode se beneficiar com a fisioterapia respirat\u00f3ria, ap\u00f3s terem sido diagnosticados com as seguintes doen\u00e7as:<\/span><\/p>\n<ul>\n<li style=\"font-weight: 400;\"><span style=\"font-weight: 400;\">Pneumonia;<\/span><\/li>\n<li style=\"font-weight: 400;\"><span style=\"font-weight: 400;\">Covid-19;<\/span><\/li>\n<li style=\"font-weight: 400;\"><span style=\"font-weight: 400;\">Asma;<\/span><\/li>\n<li style=\"font-weight: 400;\"><span style=\"font-weight: 400;\">Bronquite;<\/span><\/li>\n<li style=\"font-weight: 400;\"><span style=\"font-weight: 400;\">Enfisema pulmonar;<\/span><\/li>\n<li style=\"font-weight: 400;\"><span style=\"font-weight: 400;\">Doen\u00e7as pulmonares;<\/span><\/li>\n<li style=\"font-weight: 400;\"><span style=\"font-weight: 400;\">Bronquiolite;<\/span><\/li>\n<li style=\"font-weight: 400;\"><span style=\"font-weight: 400;\">Doen\u00e7as oncol\u00f3gicas;<\/span><\/li>\n<li style=\"font-weight: 400;\"><span style=\"font-weight: 400;\">Tuberculose.<\/span><\/li>\n<\/ul>\n<p><b>Preven\u00e7\u00e3o de doen\u00e7as<\/b><\/p>\n<p><span style=\"font-weight: 400;\">Al\u00e9m de ser uma grande aliada na recupera\u00e7\u00e3o de pacientes que tiveram problemas respirat\u00f3rios, a fisioterapia tamb\u00e9m ajuda na preven\u00e7\u00e3o de doen\u00e7as.<\/span><\/p>\n<p><span style=\"font-weight: 400;\">Na pediatria, por exemplo, a t\u00e9cnica pode ser usada para facilitar a sa\u00edda da secre\u00e7\u00e3o, fazendo com que a crian\u00e7a tenha uma melhor respira\u00e7\u00e3o e com v\u00e1rias consequ\u00eancias positivas: diminui\u00e7\u00e3o do cansa\u00e7o e da tosse e melhor qualidade de alimenta\u00e7\u00e3o e sono.<\/span><\/p>\n<p><span style=\"font-weight: 400;\">Um outro benef\u00edcio da fisioterapia respirat\u00f3ria \u00e9 a abertura das vias a\u00e9reas inferiores do pulm\u00e3o. Muitas vezes, por causa da inflama\u00e7\u00e3o dos br\u00f4nquios, essas vias se fecham e o paciente precisa usar medicamentos orais ou injet\u00e1veis. Mas, quando a fisioterapia \u00e9 feita no in\u00edcio dos sintomas, elimina-se a necessidade dos medicamentos.\u00a0<\/span><\/p>\n<p><b>As t\u00e9cnicas da fisioterapia respirat\u00f3ria<\/b><\/p>\n<p><span style=\"font-weight: 400;\">Com exerc\u00edcios respirat\u00f3rios, manobras manuais pulmonares e at\u00e9 a utiliza\u00e7\u00e3o de oxigenoterapia, em casos particulares, a fisioterapia respirat\u00f3ria busca restaurar o bom funcionamento dos pulm\u00f5es e da respira\u00e7\u00e3o.<\/span><\/p>\n<p><span style=\"font-weight: 400;\">O fisioterapeuta usa equipamentos espec\u00edficos no tratamento, de acordo com o quadro cl\u00ednico de cada paciente, e orienta os melhores exerc\u00edcios que v\u00e3o ajudar a ampliar a capacidade pulmonar e o reaprendizado do ato de respirar.<\/span><\/p>\n<p><span style=\"font-weight: 400;\">A <\/span><b>Cl\u00ednica Progredir<\/b><span style=\"font-weight: 400;\"> conta com modernos equipamentos e toda estrutura para atender pacientes que precisam da fisioterapia respirat\u00f3ria. Entre em contato para mais informa\u00e7\u00f5es.<\/span><\/p>\n<p><b>Cl\u00ednica Progredir<\/b><\/p>\n<p><span style=\"font-weight: 400;\">Endere\u00e7o: Avenida Portugal, 1629 &#8211; cj. 22\/23 &#8211; S\u00e3o Paulo &#8211; SP<\/span><\/p>\n<p><span style=\"font-weight: 400;\">Telefone: (11) 2619-8001<\/span><\/p>\n<p><span style=\"font-weight: 400;\">WhatsApp: (11) 99143-9969<\/span><\/p>\n<p>\u00a0<\/p>\n<p dir=\"ltr\">\u00a0<\/p>\n<p>\u00a0<\/p>\n","protected":false},"excerpt":{"rendered":"<p>Tratar e prevenir diferentes tipos de doen\u00e7as que afetam o sistema respirat\u00f3rio \u00e9 o grande objetivo da fisioterapia respirat\u00f3ria. Essa especialidade da fisioterapia utiliza exerc\u00edcios respirat\u00f3rios para melhorar o fornecimento de oxig\u00eanio para o organismo. Muitas vezes, as vias respirat\u00f3rias do paciente est\u00e3o obstru\u00eddas e o pulm\u00e3o n\u00e3o est\u00e1 com boa capacidade de ventila\u00e7\u00e3o. Com [&hellip;]<\/p>\n","protected":false},"author":1,"featured_media":0,"comment_status":"open","ping_status":"open","sticky":false,"template":"","format":"image","meta":{"inline_featured_image":false,"footnotes":""},"categories":[59],"tags":[],"class_list":["post-2389","post","type-post","status-publish","format-image","hentry","category-noticias","post_format-post-format-image"],"yoast_head":"<!-- This site is optimized with the Yoast SEO plugin v24.5 - https:\/\/yoast.com\/wordpress\/plugins\/seo\/ -->\n<title>A fisioterapia respirat\u00f3ria e a preven\u00e7\u00e3o e tratamento de doen\u00e7as - Progredir Fisioterapia e Reabilita\u00e7\u00e3o - Cl\u00ednica Progredir<\/title>\n<meta name=\"robots\" content=\"index, follow, max-snippet:-1, max-image-preview:large, max-video-preview:-1\" \/>\n<link rel=\"canonical\" href=\"https:\/\/www.clinicaprogredir.com.br\/index.php\/2024\/05\/23\/noticias\/a-fisioterapia-respiratoria-e-a-prevencao-e-tratamento-de-doencas\/\" \/>\n<meta property=\"og:locale\" content=\"pt_BR\" \/>\n<meta property=\"og:type\" content=\"article\" \/>\n<meta property=\"og:title\" content=\"A fisioterapia respirat\u00f3ria e a preven\u00e7\u00e3o e tratamento de doen\u00e7as - Progredir Fisioterapia e Reabilita\u00e7\u00e3o - Cl\u00ednica Progredir\" \/>\n<meta property=\"og:description\" content=\"Tratar e prevenir diferentes tipos de doen\u00e7as que afetam o sistema respirat\u00f3rio \u00e9 o grande objetivo da fisioterapia respirat\u00f3ria. Essa especialidade da fisioterapia utiliza exerc\u00edcios respirat\u00f3rios para melhorar o fornecimento de oxig\u00eanio para o organismo. Muitas vezes, as vias respirat\u00f3rias do paciente est\u00e3o obstru\u00eddas e o pulm\u00e3o n\u00e3o est\u00e1 com boa capacidade de ventila\u00e7\u00e3o. Com [&hellip;]\" \/>\n<meta property=\"og:url\" content=\"https:\/\/www.clinicaprogredir.com.br\/index.php\/2024\/05\/23\/noticias\/a-fisioterapia-respiratoria-e-a-prevencao-e-tratamento-de-doencas\/\" \/>\n<meta property=\"og:site_name\" content=\"Progredir Fisioterapia e Reabilita\u00e7\u00e3o - Cl\u00ednica Progredir\" \/>\n<meta property=\"article:published_time\" content=\"2024-05-23T12:48:57+00:00\" \/>\n<meta property=\"article:modified_time\" content=\"2024-05-23T14:46:50+00:00\" \/>\n<meta name=\"author\" content=\"baloodesign\" \/>\n<meta name=\"twitter:card\" content=\"summary_large_image\" \/>\n<meta name=\"twitter:label1\" content=\"Escrito por\" \/>\n\t<meta name=\"twitter:data1\" content=\"baloodesign\" \/>\n\t<meta name=\"twitter:label2\" content=\"Est. tempo de leitura\" \/>\n\t<meta name=\"twitter:data2\" content=\"2 minutos\" \/>\n<script type=\"application\/ld+json\" class=\"yoast-schema-graph\">{\"@context\":\"https:\/\/schema.org\",\"@graph\":[{\"@type\":\"WebPage\",\"@id\":\"https:\/\/www.clinicaprogredir.com.br\/index.php\/2024\/05\/23\/noticias\/a-fisioterapia-respiratoria-e-a-prevencao-e-tratamento-de-doencas\/\",\"url\":\"https:\/\/www.clinicaprogredir.com.br\/index.php\/2024\/05\/23\/noticias\/a-fisioterapia-respiratoria-e-a-prevencao-e-tratamento-de-doencas\/\",\"name\":\"A fisioterapia respirat\u00f3ria e a preven\u00e7\u00e3o e tratamento de doen\u00e7as - Progredir Fisioterapia e Reabilita\u00e7\u00e3o - Cl\u00ednica Progredir\",\"isPartOf\":{\"@id\":\"https:\/\/www.clinicaprogredir.com.br\/#website\"},\"datePublished\":\"2024-05-23T12:48:57+00:00\",\"dateModified\":\"2024-05-23T14:46:50+00:00\",\"author\":{\"@id\":\"https:\/\/www.clinicaprogredir.com.br\/#\/schema\/person\/9b800bb3d93c54f7c09bc27cf913c155\"},\"breadcrumb\":{\"@id\":\"https:\/\/www.clinicaprogredir.com.br\/index.php\/2024\/05\/23\/noticias\/a-fisioterapia-respiratoria-e-a-prevencao-e-tratamento-de-doencas\/#breadcrumb\"},\"inLanguage\":\"pt-BR\",\"potentialAction\":[{\"@type\":\"ReadAction\",\"target\":[\"https:\/\/www.clinicaprogredir.com.br\/index.php\/2024\/05\/23\/noticias\/a-fisioterapia-respiratoria-e-a-prevencao-e-tratamento-de-doencas\/\"]}]},{\"@type\":\"BreadcrumbList\",\"@id\":\"https:\/\/www.clinicaprogredir.com.br\/index.php\/2024\/05\/23\/noticias\/a-fisioterapia-respiratoria-e-a-prevencao-e-tratamento-de-doencas\/#breadcrumb\",\"itemListElement\":[{\"@type\":\"ListItem\",\"position\":1,\"name\":\"In\u00edcio\",\"item\":\"https:\/\/www.clinicaprogredir.com.br\/\"},{\"@type\":\"ListItem\",\"position\":2,\"name\":\"A fisioterapia respirat\u00f3ria e a preven\u00e7\u00e3o e tratamento de doen\u00e7as\"}]},{\"@type\":\"WebSite\",\"@id\":\"https:\/\/www.clinicaprogredir.com.br\/#website\",\"url\":\"https:\/\/www.clinicaprogredir.com.br\/\",\"name\":\"Progredir Fisioterapia e Reabilita\u00e7\u00e3o - Cl\u00ednica Progredir\",\"description\":\"A Progredir Fisioterapia e Reabilita\u00e7\u00e3o \u00e9 uma cl\u00ednica especializada que h\u00e1 mais de 15 anos trabalha na recupera\u00e7\u00e3o de pacientes neurol\u00f3gicos e ortop\u00e9dicos, fazendo com que seu tratamento ocorra sempre da forma mais simples e eficaz poss\u00edvel.\",\"potentialAction\":[{\"@type\":\"SearchAction\",\"target\":{\"@type\":\"EntryPoint\",\"urlTemplate\":\"https:\/\/www.clinicaprogredir.com.br\/?s={search_term_string}\"},\"query-input\":{\"@type\":\"PropertyValueSpecification\",\"valueRequired\":true,\"valueName\":\"search_term_string\"}}],\"inLanguage\":\"pt-BR\"},{\"@type\":\"Person\",\"@id\":\"https:\/\/www.clinicaprogredir.com.br\/#\/schema\/person\/9b800bb3d93c54f7c09bc27cf913c155\",\"name\":\"baloodesign\",\"sameAs\":[\"https:\/\/publicidadejundiai.com.br\/progredir\"],\"url\":\"https:\/\/www.clinicaprogredir.com.br\/index.php\/author\/baloodesign\/\"}]}<\/script>\n<!-- \/ Yoast SEO plugin. -->","yoast_head_json":{"title":"A fisioterapia respirat\u00f3ria e a preven\u00e7\u00e3o e tratamento de doen\u00e7as - Progredir Fisioterapia e Reabilita\u00e7\u00e3o - Cl\u00ednica Progredir","robots":{"index":"index","follow":"follow","max-snippet":"max-snippet:-1","max-image-preview":"max-image-preview:large","max-video-preview":"max-video-preview:-1"},"canonical":"https:\/\/www.clinicaprogredir.com.br\/index.php\/2024\/05\/23\/noticias\/a-fisioterapia-respiratoria-e-a-prevencao-e-tratamento-de-doencas\/","og_locale":"pt_BR","og_type":"article","og_title":"A fisioterapia respirat\u00f3ria e a preven\u00e7\u00e3o e tratamento de doen\u00e7as - Progredir Fisioterapia e Reabilita\u00e7\u00e3o - Cl\u00ednica Progredir","og_description":"Tratar e prevenir diferentes tipos de doen\u00e7as que afetam o sistema respirat\u00f3rio \u00e9 o grande objetivo da fisioterapia respirat\u00f3ria. Essa especialidade da fisioterapia utiliza exerc\u00edcios respirat\u00f3rios para melhorar o fornecimento de oxig\u00eanio para o organismo. Muitas vezes, as vias respirat\u00f3rias do paciente est\u00e3o obstru\u00eddas e o pulm\u00e3o n\u00e3o est\u00e1 com boa capacidade de ventila\u00e7\u00e3o. Com [&hellip;]","og_url":"https:\/\/www.clinicaprogredir.com.br\/index.php\/2024\/05\/23\/noticias\/a-fisioterapia-respiratoria-e-a-prevencao-e-tratamento-de-doencas\/","og_site_name":"Progredir Fisioterapia e Reabilita\u00e7\u00e3o - Cl\u00ednica Progredir","article_published_time":"2024-05-23T12:48:57+00:00","article_modified_time":"2024-05-23T14:46:50+00:00","author":"baloodesign","twitter_card":"summary_large_image","twitter_misc":{"Escrito por":"baloodesign","Est. tempo de leitura":"2 minutos"},"schema":{"@context":"https:\/\/schema.org","@graph":[{"@type":"WebPage","@id":"https:\/\/www.clinicaprogredir.com.br\/index.php\/2024\/05\/23\/noticias\/a-fisioterapia-respiratoria-e-a-prevencao-e-tratamento-de-doencas\/","url":"https:\/\/www.clinicaprogredir.com.br\/index.php\/2024\/05\/23\/noticias\/a-fisioterapia-respiratoria-e-a-prevencao-e-tratamento-de-doencas\/","name":"A fisioterapia respirat\u00f3ria e a preven\u00e7\u00e3o e tratamento de doen\u00e7as - Progredir Fisioterapia e Reabilita\u00e7\u00e3o - Cl\u00ednica Progredir","isPartOf":{"@id":"https:\/\/www.clinicaprogredir.com.br\/#website"},"datePublished":"2024-05-23T12:48:57+00:00","dateModified":"2024-05-23T14:46:50+00:00","author":{"@id":"https:\/\/www.clinicaprogredir.com.br\/#\/schema\/person\/9b800bb3d93c54f7c09bc27cf913c155"},"breadcrumb":{"@id":"https:\/\/www.clinicaprogredir.com.br\/index.php\/2024\/05\/23\/noticias\/a-fisioterapia-respiratoria-e-a-prevencao-e-tratamento-de-doencas\/#breadcrumb"},"inLanguage":"pt-BR","potentialAction":[{"@type":"ReadAction","target":["https:\/\/www.clinicaprogredir.com.br\/index.php\/2024\/05\/23\/noticias\/a-fisioterapia-respiratoria-e-a-prevencao-e-tratamento-de-doencas\/"]}]},{"@type":"BreadcrumbList","@id":"https:\/\/www.clinicaprogredir.com.br\/index.php\/2024\/05\/23\/noticias\/a-fisioterapia-respiratoria-e-a-prevencao-e-tratamento-de-doencas\/#breadcrumb","itemListElement":[{"@type":"ListItem","position":1,"name":"In\u00edcio","item":"https:\/\/www.clinicaprogredir.com.br\/"},{"@type":"ListItem","position":2,"name":"A fisioterapia respirat\u00f3ria e a preven\u00e7\u00e3o e tratamento de doen\u00e7as"}]},{"@type":"WebSite","@id":"https:\/\/www.clinicaprogredir.com.br\/#website","url":"https:\/\/www.clinicaprogredir.com.br\/","name":"Progredir Fisioterapia e Reabilita\u00e7\u00e3o - Cl\u00ednica Progredir","description":"A Progredir Fisioterapia e Reabilita\u00e7\u00e3o \u00e9 uma cl\u00ednica especializada que h\u00e1 mais de 15 anos trabalha na recupera\u00e7\u00e3o de pacientes neurol\u00f3gicos e ortop\u00e9dicos, fazendo com que seu tratamento ocorra sempre da forma mais simples e eficaz poss\u00edvel.","potentialAction":[{"@type":"SearchAction","target":{"@type":"EntryPoint","urlTemplate":"https:\/\/www.clinicaprogredir.com.br\/?s={search_term_string}"},"query-input":{"@type":"PropertyValueSpecification","valueRequired":true,"valueName":"search_term_string"}}],"inLanguage":"pt-BR"},{"@type":"Person","@id":"https:\/\/www.clinicaprogredir.com.br\/#\/schema\/person\/9b800bb3d93c54f7c09bc27cf913c155","name":"baloodesign","sameAs":["https:\/\/publicidadejundiai.com.br\/progredir"],"url":"https:\/\/www.clinicaprogredir.com.br\/index.php\/author\/baloodesign\/"}]}},"_links":{"self":[{"href":"https:\/\/www.clinicaprogredir.com.br\/index.php\/wp-json\/wp\/v2\/posts\/2389","targetHints":{"allow":["GET"]}}],"collection":[{"href":"https:\/\/www.clinicaprogredir.com.br\/index.php\/wp-json\/wp\/v2\/posts"}],"about":[{"href":"https:\/\/www.clinicaprogredir.com.br\/index.php\/wp-json\/wp\/v2\/types\/post"}],"author":[{"embeddable":true,"href":"https:\/\/www.clinicaprogredir.com.br\/index.php\/wp-json\/wp\/v2\/users\/1"}],"replies":[{"embeddable":true,"href":"https:\/\/www.clinicaprogredir.com.br\/index.php\/wp-json\/wp\/v2\/comments?post=2389"}],"version-history":[{"count":1,"href":"https:\/\/www.clinicaprogredir.com.br\/index.php\/wp-json\/wp\/v2\/posts\/2389\/revisions"}],"predecessor-version":[{"id":2483,"href":"https:\/\/www.clinicaprogredir.com.br\/index.php\/wp-json\/wp\/v2\/posts\/2389\/revisions\/2483"}],"wp:attachment":[{"href":"https:\/\/www.clinicaprogredir.com.br\/index.php\/wp-json\/wp\/v2\/media?parent=2389"}],"wp:term":[{"taxonomy":"category","embeddable":true,"href":"https:\/\/www.clinicaprogredir.com.br\/index.php\/wp-json\/wp\/v2\/categories?post=2389"},{"taxonomy":"post_tag","embeddable":true,"href":"https:\/\/www.clinicaprogredir.com.br\/index.php\/wp-json\/wp\/v2\/tags?post=2389"}],"curies":[{"name":"wp","href":"https:\/\/api.w.org\/{rel}","templated":true}]}}