{"id":2395,"date":"2024-05-23T09:47:44","date_gmt":"2024-05-23T12:47:44","guid":{"rendered":"https:\/\/www.clinicaprogredir.com.br\/?p=2395"},"modified":"2024-05-23T11:47:58","modified_gmt":"2024-05-23T14:47:58","slug":"qual-a-importancia-da-fisioterapia-na-doenca-de-parkinson","status":"publish","type":"post","link":"https:\/\/www.clinicaprogredir.com.br\/index.php\/2024\/05\/23\/noticias\/qual-a-importancia-da-fisioterapia-na-doenca-de-parkinson\/","title":{"rendered":"Qual a import\u00e2ncia da fisioterapia na doen\u00e7a de Parkinson?"},"content":{"rendered":"<p><span style=\"font-weight: 400;\">O <\/span><b>parkinson <\/b><span style=\"font-weight: 400;\">\u00e9 uma doen\u00e7a neurol\u00f3gica que se desenvolve quando h\u00e1 certa anormalidade no c\u00e9rebro, medula espinhal ou termina\u00e7\u00f5es nervosas. Diferentemente de outras enfermidades, apresenta sintomas considerados importantes para o diagn\u00f3stico precoce. A instabilidade postural, rigidez muscular e comprometimentos motores, normalmente acompanhados por tremores e lentid\u00e3o, s\u00e3o alguns deles.\u00a0<\/span><\/p>\n<p><span style=\"font-weight: 400;\">Quando n\u00e3o controlada a tempo, a doen\u00e7a pode evoluir e mais complica\u00e7\u00f5es podem surgir, como dor na coluna, altera\u00e7\u00e3o postural, fraqueza muscular, diminui\u00e7\u00e3o da mobilidade global, altera\u00e7\u00e3o de marcha, entre outros. Nesse caso, e em diversos outros est\u00e1gios da doen\u00e7a, a <\/span><a href=\"https:\/\/www.clinicaprogredir.com.br\/?p=2330\"><b>fisioterapia neurol\u00f3gica<\/b><\/a><span style=\"font-weight: 400;\"> \u00e9 essencial.\u00a0<\/span><\/p>\n<p><span style=\"font-weight: 400;\">A <\/span><b>fisioterapia neurol\u00f3gica<\/b><span style=\"font-weight: 400;\"> atua diretamente nos dist\u00farbios identificados pelos profissionais e apresentados pelo paciente, mas tamb\u00e9m na poss\u00edvel evolu\u00e7\u00e3o do quadro, estabelecendo metas de preven\u00e7\u00e3o e adiamento de poss\u00edveis complica\u00e7\u00f5es, com exerc\u00edcios voltados para os princ\u00edpios neurofisiol\u00f3gicos da facilita\u00e7\u00e3o neuromuscular proprioceptiva, como:<\/span><\/p>\n<ul>\n<li style=\"font-weight: 400;\"><span style=\"font-weight: 400;\">Exerc\u00edcios fortalecimento;<\/span><\/li>\n<li style=\"font-weight: 400;\"><span style=\"font-weight: 400;\">Exerc\u00edcios de alongamento;<\/span><\/li>\n<li style=\"font-weight: 400;\"><span style=\"font-weight: 400;\">Exerc\u00edcios de mobiliza\u00e7\u00e3o;<\/span><\/li>\n<li style=\"font-weight: 400;\"><span style=\"font-weight: 400;\">Exerc\u00edcios de equil\u00edbrio;<\/span><\/li>\n<li style=\"font-weight: 400;\"><span style=\"font-weight: 400;\">Treinos de marcha;<\/span><\/li>\n<li style=\"font-weight: 400;\"><span style=\"font-weight: 400;\">Eletroestimula\u00e7\u00e3o;<\/span><\/li>\n<li style=\"font-weight: 400;\"><span style=\"font-weight: 400;\">Terapias manuais, entre outros.<\/span><\/li>\n<\/ul>\n<p><b>Saiba para que serve cada tipo de exerc\u00edcio<\/b><\/p>\n<p><span style=\"font-weight: 400;\">Os exerc\u00edcios de <\/span><b>fortalecimento <\/b><span style=\"font-weight: 400;\">s\u00e3o ideais para manuten\u00e7\u00e3o da mobilidade e diminui\u00e7\u00e3o da rigidez muscular, pois ajuda a melhorar altera\u00e7\u00f5es posturais e queixa \u00e1lgica, principalmente,\u00a0 localizada na regi\u00e3o lombar, tor\u00e1cica e cervical do paciente.<\/span><\/p>\n<p><span style=\"font-weight: 400;\">Os exerc\u00edcios de<\/span><b> equil\u00edbrio <\/b><span style=\"font-weight: 400;\">s\u00e3o fundamentais pelo seu alto risco de queda desses pacientes, e neles sugere-se movimentos mais funcionais com sequ\u00eancias e coordena\u00e7\u00e3o, que gerem estabilidade nas articula\u00e7\u00f5es trabalhadas, fazendo com que o corpo tenha que reequilibrar o m\u00e1ximo poss\u00edvel, para retornar ao centro de gravidade de forma correta.<\/span><\/p>\n<p><span style=\"font-weight: 400;\">Os exerc\u00edcios de <\/span><b>mobiliza\u00e7\u00e3o <\/b><span style=\"font-weight: 400;\">servem para movimentar as articula\u00e7\u00f5es dos bra\u00e7os (ombros, cotovelos e punhos), m\u00e3os, pernas (quadril, joelhos e tornozelos) e p\u00e9s, evitando que fiquem endurecidas. Repetidos lentamente e, geralmente, feitos antes do exerc\u00edcio de alongamento.<\/span><\/p>\n<p><span style=\"font-weight: 400;\">Al\u00e9m de flexibilidade e aumento dos movimentos, os exerc\u00edcios de <\/span><b>alongamento <\/b><span style=\"font-weight: 400;\">preparam a musculatura para os pr\u00f3ximos exerc\u00edcios. Reduzem tens\u00e3o muscular e durante o tratamento de fisioterapia, possibilitam movimentos mais amplos, e feitos com frequ\u00eancia, melhoram a circula\u00e7\u00e3o sangu\u00ednea, ampliam a mobilidade articular e fortalecem ligamentos e tend\u00f5es.<\/span><\/p>\n<p><span style=\"font-weight: 400;\">Os <\/span><b>treinos de marcha<\/b><span style=\"font-weight: 400;\"> devem ser avaliados diante da necessidade aparente, sendo explicado e ajustado com o paciente para melhor adapta\u00e7\u00e3o, visando a aquisi\u00e7\u00e3o de caminhada, que inclui a\u00e7\u00f5es espec\u00edficas em superf\u00edcies planas, inst\u00e1veis ou escadas.<\/span><\/p>\n<p><span style=\"font-weight: 400;\">A <\/span><b>eletroestimula\u00e7\u00e3o <\/b><span style=\"font-weight: 400;\">utiliza o peso do corpo e aux\u00edlio de acess\u00f3rios, para aumentar a for\u00e7a muscular do paciente, sem causar fadiga. \u00c9 muito importante, pois a corrente el\u00e9trica usada no tratamento passa pelos nervos motores que, por sua vez, estimulam fibras musculares.\u00a0<\/span><\/p>\n<p><b>Terapias manuais <\/b><span style=\"font-weight: 400;\">incluem o tratamento de sa\u00fade na fisioterapia em v\u00e1rias \u00e1reas. O Objetivo principal \u00e9 reduzir a dor, alinhar complexos articulares, restabelecer a sinergia do movimento e assim restabelecer a fun\u00e7\u00e3o,<\/span> <span style=\"font-weight: 400;\">e aqui na Progredir iremos escolher as melhores abordagens para o seu tipo de caso!\u00a0<\/span><\/p>\n<p><span style=\"font-weight: 400;\">H\u00e1 mais de 15 anos no mercado, a Cl\u00ednica Progredir \u00e9 refer\u00eancia em <\/span><b>fisioterapia neurol\u00f3gica em S\u00e3o Paulo<\/b><span style=\"font-weight: 400;\"> para pacientes com doen\u00e7a de Parkinson, AVE (Acidente Vascular Encef\u00e1lico) e <\/span><a href=\"https:\/\/www.clinicaprogredir.com.br\/?p=2394\"><b>AVC<\/b> <\/a><span style=\"font-weight: 400;\">(Acidente Vascular Cerebral. Entre em contato conosco e saiba mais sobre as nossas especialidades, <\/span><a href=\"https:\/\/www.clinicaprogredir.com.br\/index.php\/2015\/04\/15\/contato\/\"><b>aqu<\/b><\/a><span style=\"font-weight: 400;\">i! A Fisioterapia Neurol\u00f3gica pode ser feita nos consult\u00f3rios da Progredir ou em home care (a domic\u00edlio).<\/span><\/p>\n","protected":false},"excerpt":{"rendered":"<p>O parkinson \u00e9 uma doen\u00e7a neurol\u00f3gica que se desenvolve quando h\u00e1 certa anormalidade no c\u00e9rebro, medula espinhal ou termina\u00e7\u00f5es nervosas. Diferentemente de outras enfermidades, apresenta sintomas considerados importantes para o diagn\u00f3stico precoce. A instabilidade postural, rigidez muscular e comprometimentos motores, normalmente acompanhados por tremores e lentid\u00e3o, s\u00e3o alguns deles.\u00a0 Quando n\u00e3o controlada a tempo, a [&hellip;]<\/p>\n","protected":false},"author":1,"featured_media":0,"comment_status":"open","ping_status":"open","sticky":false,"template":"","format":"image","meta":{"inline_featured_image":false,"footnotes":""},"categories":[59],"tags":[],"class_list":["post-2395","post","type-post","status-publish","format-image","hentry","category-noticias","post_format-post-format-image"],"yoast_head":"<!-- This site is optimized with the Yoast SEO plugin v24.5 - https:\/\/yoast.com\/wordpress\/plugins\/seo\/ -->\n<title>Qual a import\u00e2ncia da fisioterapia na doen\u00e7a de Parkinson? - Progredir Fisioterapia e Reabilita\u00e7\u00e3o - Cl\u00ednica Progredir<\/title>\n<meta name=\"robots\" content=\"index, follow, max-snippet:-1, max-image-preview:large, max-video-preview:-1\" \/>\n<link rel=\"canonical\" href=\"https:\/\/www.clinicaprogredir.com.br\/index.php\/2024\/05\/23\/noticias\/qual-a-importancia-da-fisioterapia-na-doenca-de-parkinson\/\" \/>\n<meta property=\"og:locale\" content=\"pt_BR\" \/>\n<meta property=\"og:type\" content=\"article\" \/>\n<meta property=\"og:title\" content=\"Qual a import\u00e2ncia da fisioterapia na doen\u00e7a de Parkinson? - Progredir Fisioterapia e Reabilita\u00e7\u00e3o - Cl\u00ednica Progredir\" \/>\n<meta property=\"og:description\" content=\"O parkinson \u00e9 uma doen\u00e7a neurol\u00f3gica que se desenvolve quando h\u00e1 certa anormalidade no c\u00e9rebro, medula espinhal ou termina\u00e7\u00f5es nervosas. Diferentemente de outras enfermidades, apresenta sintomas considerados importantes para o diagn\u00f3stico precoce. A instabilidade postural, rigidez muscular e comprometimentos motores, normalmente acompanhados por tremores e lentid\u00e3o, s\u00e3o alguns deles.\u00a0 Quando n\u00e3o controlada a tempo, a [&hellip;]\" \/>\n<meta property=\"og:url\" content=\"https:\/\/www.clinicaprogredir.com.br\/index.php\/2024\/05\/23\/noticias\/qual-a-importancia-da-fisioterapia-na-doenca-de-parkinson\/\" \/>\n<meta property=\"og:site_name\" content=\"Progredir Fisioterapia e Reabilita\u00e7\u00e3o - Cl\u00ednica Progredir\" \/>\n<meta property=\"article:published_time\" content=\"2024-05-23T12:47:44+00:00\" \/>\n<meta property=\"article:modified_time\" content=\"2024-05-23T14:47:58+00:00\" \/>\n<meta name=\"author\" content=\"baloodesign\" \/>\n<meta name=\"twitter:card\" content=\"summary_large_image\" \/>\n<meta name=\"twitter:label1\" content=\"Escrito por\" \/>\n\t<meta name=\"twitter:data1\" content=\"baloodesign\" \/>\n\t<meta name=\"twitter:label2\" content=\"Est. tempo de leitura\" \/>\n\t<meta name=\"twitter:data2\" content=\"3 minutos\" \/>\n<script type=\"application\/ld+json\" class=\"yoast-schema-graph\">{\"@context\":\"https:\/\/schema.org\",\"@graph\":[{\"@type\":\"WebPage\",\"@id\":\"https:\/\/www.clinicaprogredir.com.br\/index.php\/2024\/05\/23\/noticias\/qual-a-importancia-da-fisioterapia-na-doenca-de-parkinson\/\",\"url\":\"https:\/\/www.clinicaprogredir.com.br\/index.php\/2024\/05\/23\/noticias\/qual-a-importancia-da-fisioterapia-na-doenca-de-parkinson\/\",\"name\":\"Qual a import\u00e2ncia da fisioterapia na doen\u00e7a de Parkinson? - Progredir Fisioterapia e Reabilita\u00e7\u00e3o - Cl\u00ednica Progredir\",\"isPartOf\":{\"@id\":\"https:\/\/www.clinicaprogredir.com.br\/#website\"},\"datePublished\":\"2024-05-23T12:47:44+00:00\",\"dateModified\":\"2024-05-23T14:47:58+00:00\",\"author\":{\"@id\":\"https:\/\/www.clinicaprogredir.com.br\/#\/schema\/person\/9b800bb3d93c54f7c09bc27cf913c155\"},\"breadcrumb\":{\"@id\":\"https:\/\/www.clinicaprogredir.com.br\/index.php\/2024\/05\/23\/noticias\/qual-a-importancia-da-fisioterapia-na-doenca-de-parkinson\/#breadcrumb\"},\"inLanguage\":\"pt-BR\",\"potentialAction\":[{\"@type\":\"ReadAction\",\"target\":[\"https:\/\/www.clinicaprogredir.com.br\/index.php\/2024\/05\/23\/noticias\/qual-a-importancia-da-fisioterapia-na-doenca-de-parkinson\/\"]}]},{\"@type\":\"BreadcrumbList\",\"@id\":\"https:\/\/www.clinicaprogredir.com.br\/index.php\/2024\/05\/23\/noticias\/qual-a-importancia-da-fisioterapia-na-doenca-de-parkinson\/#breadcrumb\",\"itemListElement\":[{\"@type\":\"ListItem\",\"position\":1,\"name\":\"In\u00edcio\",\"item\":\"https:\/\/www.clinicaprogredir.com.br\/\"},{\"@type\":\"ListItem\",\"position\":2,\"name\":\"Qual a import\u00e2ncia da fisioterapia na doen\u00e7a de Parkinson?\"}]},{\"@type\":\"WebSite\",\"@id\":\"https:\/\/www.clinicaprogredir.com.br\/#website\",\"url\":\"https:\/\/www.clinicaprogredir.com.br\/\",\"name\":\"Progredir Fisioterapia e Reabilita\u00e7\u00e3o - Cl\u00ednica Progredir\",\"description\":\"A Progredir Fisioterapia e Reabilita\u00e7\u00e3o \u00e9 uma cl\u00ednica especializada que h\u00e1 mais de 15 anos trabalha na recupera\u00e7\u00e3o de pacientes neurol\u00f3gicos e ortop\u00e9dicos, fazendo com que seu tratamento ocorra sempre da forma mais simples e eficaz poss\u00edvel.\",\"potentialAction\":[{\"@type\":\"SearchAction\",\"target\":{\"@type\":\"EntryPoint\",\"urlTemplate\":\"https:\/\/www.clinicaprogredir.com.br\/?s={search_term_string}\"},\"query-input\":{\"@type\":\"PropertyValueSpecification\",\"valueRequired\":true,\"valueName\":\"search_term_string\"}}],\"inLanguage\":\"pt-BR\"},{\"@type\":\"Person\",\"@id\":\"https:\/\/www.clinicaprogredir.com.br\/#\/schema\/person\/9b800bb3d93c54f7c09bc27cf913c155\",\"name\":\"baloodesign\",\"sameAs\":[\"https:\/\/publicidadejundiai.com.br\/progredir\"],\"url\":\"https:\/\/www.clinicaprogredir.com.br\/index.php\/author\/baloodesign\/\"}]}<\/script>\n<!-- \/ Yoast SEO plugin. -->","yoast_head_json":{"title":"Qual a import\u00e2ncia da fisioterapia na doen\u00e7a de Parkinson? - Progredir Fisioterapia e Reabilita\u00e7\u00e3o - Cl\u00ednica Progredir","robots":{"index":"index","follow":"follow","max-snippet":"max-snippet:-1","max-image-preview":"max-image-preview:large","max-video-preview":"max-video-preview:-1"},"canonical":"https:\/\/www.clinicaprogredir.com.br\/index.php\/2024\/05\/23\/noticias\/qual-a-importancia-da-fisioterapia-na-doenca-de-parkinson\/","og_locale":"pt_BR","og_type":"article","og_title":"Qual a import\u00e2ncia da fisioterapia na doen\u00e7a de Parkinson? - Progredir Fisioterapia e Reabilita\u00e7\u00e3o - Cl\u00ednica Progredir","og_description":"O parkinson \u00e9 uma doen\u00e7a neurol\u00f3gica que se desenvolve quando h\u00e1 certa anormalidade no c\u00e9rebro, medula espinhal ou termina\u00e7\u00f5es nervosas. Diferentemente de outras enfermidades, apresenta sintomas considerados importantes para o diagn\u00f3stico precoce. A instabilidade postural, rigidez muscular e comprometimentos motores, normalmente acompanhados por tremores e lentid\u00e3o, s\u00e3o alguns deles.\u00a0 Quando n\u00e3o controlada a tempo, a [&hellip;]","og_url":"https:\/\/www.clinicaprogredir.com.br\/index.php\/2024\/05\/23\/noticias\/qual-a-importancia-da-fisioterapia-na-doenca-de-parkinson\/","og_site_name":"Progredir Fisioterapia e Reabilita\u00e7\u00e3o - Cl\u00ednica Progredir","article_published_time":"2024-05-23T12:47:44+00:00","article_modified_time":"2024-05-23T14:47:58+00:00","author":"baloodesign","twitter_card":"summary_large_image","twitter_misc":{"Escrito por":"baloodesign","Est. tempo de leitura":"3 minutos"},"schema":{"@context":"https:\/\/schema.org","@graph":[{"@type":"WebPage","@id":"https:\/\/www.clinicaprogredir.com.br\/index.php\/2024\/05\/23\/noticias\/qual-a-importancia-da-fisioterapia-na-doenca-de-parkinson\/","url":"https:\/\/www.clinicaprogredir.com.br\/index.php\/2024\/05\/23\/noticias\/qual-a-importancia-da-fisioterapia-na-doenca-de-parkinson\/","name":"Qual a import\u00e2ncia da fisioterapia na doen\u00e7a de Parkinson? - Progredir Fisioterapia e Reabilita\u00e7\u00e3o - Cl\u00ednica Progredir","isPartOf":{"@id":"https:\/\/www.clinicaprogredir.com.br\/#website"},"datePublished":"2024-05-23T12:47:44+00:00","dateModified":"2024-05-23T14:47:58+00:00","author":{"@id":"https:\/\/www.clinicaprogredir.com.br\/#\/schema\/person\/9b800bb3d93c54f7c09bc27cf913c155"},"breadcrumb":{"@id":"https:\/\/www.clinicaprogredir.com.br\/index.php\/2024\/05\/23\/noticias\/qual-a-importancia-da-fisioterapia-na-doenca-de-parkinson\/#breadcrumb"},"inLanguage":"pt-BR","potentialAction":[{"@type":"ReadAction","target":["https:\/\/www.clinicaprogredir.com.br\/index.php\/2024\/05\/23\/noticias\/qual-a-importancia-da-fisioterapia-na-doenca-de-parkinson\/"]}]},{"@type":"BreadcrumbList","@id":"https:\/\/www.clinicaprogredir.com.br\/index.php\/2024\/05\/23\/noticias\/qual-a-importancia-da-fisioterapia-na-doenca-de-parkinson\/#breadcrumb","itemListElement":[{"@type":"ListItem","position":1,"name":"In\u00edcio","item":"https:\/\/www.clinicaprogredir.com.br\/"},{"@type":"ListItem","position":2,"name":"Qual a import\u00e2ncia da fisioterapia na doen\u00e7a de Parkinson?"}]},{"@type":"WebSite","@id":"https:\/\/www.clinicaprogredir.com.br\/#website","url":"https:\/\/www.clinicaprogredir.com.br\/","name":"Progredir Fisioterapia e Reabilita\u00e7\u00e3o - Cl\u00ednica Progredir","description":"A Progredir Fisioterapia e Reabilita\u00e7\u00e3o \u00e9 uma cl\u00ednica especializada que h\u00e1 mais de 15 anos trabalha na recupera\u00e7\u00e3o de pacientes neurol\u00f3gicos e ortop\u00e9dicos, fazendo com que seu tratamento ocorra sempre da forma mais simples e eficaz poss\u00edvel.","potentialAction":[{"@type":"SearchAction","target":{"@type":"EntryPoint","urlTemplate":"https:\/\/www.clinicaprogredir.com.br\/?s={search_term_string}"},"query-input":{"@type":"PropertyValueSpecification","valueRequired":true,"valueName":"search_term_string"}}],"inLanguage":"pt-BR"},{"@type":"Person","@id":"https:\/\/www.clinicaprogredir.com.br\/#\/schema\/person\/9b800bb3d93c54f7c09bc27cf913c155","name":"baloodesign","sameAs":["https:\/\/publicidadejundiai.com.br\/progredir"],"url":"https:\/\/www.clinicaprogredir.com.br\/index.php\/author\/baloodesign\/"}]}},"_links":{"self":[{"href":"https:\/\/www.clinicaprogredir.com.br\/index.php\/wp-json\/wp\/v2\/posts\/2395","targetHints":{"allow":["GET"]}}],"collection":[{"href":"https:\/\/www.clinicaprogredir.com.br\/index.php\/wp-json\/wp\/v2\/posts"}],"about":[{"href":"https:\/\/www.clinicaprogredir.com.br\/index.php\/wp-json\/wp\/v2\/types\/post"}],"author":[{"embeddable":true,"href":"https:\/\/www.clinicaprogredir.com.br\/index.php\/wp-json\/wp\/v2\/users\/1"}],"replies":[{"embeddable":true,"href":"https:\/\/www.clinicaprogredir.com.br\/index.php\/wp-json\/wp\/v2\/comments?post=2395"}],"version-history":[{"count":1,"href":"https:\/\/www.clinicaprogredir.com.br\/index.php\/wp-json\/wp\/v2\/posts\/2395\/revisions"}],"predecessor-version":[{"id":2444,"href":"https:\/\/www.clinicaprogredir.com.br\/index.php\/wp-json\/wp\/v2\/posts\/2395\/revisions\/2444"}],"wp:attachment":[{"href":"https:\/\/www.clinicaprogredir.com.br\/index.php\/wp-json\/wp\/v2\/media?parent=2395"}],"wp:term":[{"taxonomy":"category","embeddable":true,"href":"https:\/\/www.clinicaprogredir.com.br\/index.php\/wp-json\/wp\/v2\/categories?post=2395"},{"taxonomy":"post_tag","embeddable":true,"href":"https:\/\/www.clinicaprogredir.com.br\/index.php\/wp-json\/wp\/v2\/tags?post=2395"}],"curies":[{"name":"wp","href":"https:\/\/api.w.org\/{rel}","templated":true}]}}